{"id":36849,"date":"2024-05-25T09:11:47","date_gmt":"2024-05-25T09:11:47","guid":{"rendered":"https:\/\/dekkbi.com\/?p=36849"},"modified":"2024-05-25T09:11:48","modified_gmt":"2024-05-25T09:11:48","slug":"pointe-sarrene-rencontre-autour-du-secteur-minier-la-gouvernance-des-fonds-miniers-et-la-rehabilitation-des-sites-exploites-au-menu-des-echanges","status":"publish","type":"post","link":"https:\/\/dekkbi.com\/?p=36849","title":{"rendered":"Pointe-Sarrene-rencontre autour du secteur minier : la gouvernance des fonds miniers et la r\u00e9habilitation des sites exploit\u00e9s au menu des \u00e9changes"},"content":{"rendered":"\n<p>Un atelier ax\u00e9 autour de la sensibilisation des autorit\u00e9s territoriales sur les enjeux et les d\u00e9fis li\u00e9s \u00e0 la gouvernance des fonds miniers, du contenu local, de la r\u00e9habilitation des sites miniers et du suivi du plan de gestion environnemental et social se tient depuis hier, \u00e0 Pointe-Sarrene (commune de Malicounda) sous l\u2019initiative du Forum Civil en relation avec Usaid Traces. <\/p>\n\n\n\n<p>La rencontre faisant un focus sur le fonds minier et les sites \u00e0 r\u00e9habiliter apr\u00e8s exploitation \u00e0 \u00e9t\u00e9 ouverte par Cheikh Niane, le secr\u00e9taire g\u00e9n\u00e9ral du minist\u00e8re du P\u00e9trole, de l\u2019\u00e9nergie et des mines repr\u00e9sentant le ministre Birame Souleye Diop. <\/p>\n\n\n\n<p>Birahim Seck du Forum Civil a camp\u00e9 la probl\u00e9matique des retomb\u00e9es et revenus du secteur minier devant revenir aux populations, les propri\u00e9taires des ressources naturelles.<\/p>\n\n\n\n<p>Cheikh Niane,le secr\u00e9taire g\u00e9n\u00e9ral du minist\u00e8re du P\u00e9trole, de l\u2019\u00e9nergie et des mines a lou\u00e9 les pas accomplis dans la mise en \u0153uvre du Programme pour la \u00ab Transparence et la Redevabilite dans le secteur extractif au S\u00e9n\u00e9gal  \u00bb (Usaid Traces ).<\/p>\n\n\n\n<p>Son objectif est d\u00e9clin\u00e9 en termes d\u2019accroissement de la transparence et des m\u00e9canismes de responsabilisation dans les secteurs minier, p\u00e9trolier et gazier dans le cadre de l\u2019am\u00e9lioration de la gestion et de la r\u00e9partition des revenus au b\u00e9n\u00e9fice de tous les citoyens s\u00e9n\u00e9galais. <\/p>\n\n\n\n<p>Selon ses propos, le secteur extractif offre des opportunit\u00e9s de d\u00e9veloppement socio-\u00e9conomique en fonction de sa forte capacit\u00e9 \u00e0 g\u00e9n\u00e9rer des revenus pour les populations locales et \u00e0 promouvoir des emplois directs et indirects.<\/p>\n\n\n\n<p>Se r\u00e9f\u00e9rant aux th\u00e9matiques \u00e0 traiter, le repr\u00e9sentant du minist\u00e8re du P\u00e9trole, de l\u2019\u00e9nergie et des mines place la rencontre de Pointe-Sarrene au centre de questions essentielles comme la gouvernance du Fonds d\u2019appui et de p\u00e9r\u00e9quation et le fonds d\u2019appui au d\u00e9veloppement local, du contenu local, de la r\u00e9habilitation des sites miniers et du suivi des plan de gestion environnemental et social. <\/p>\n\n\n\n<p>A l\u2019en croire, ces questions constituent des enjeux et d\u00e9fis \u00e0 relever dans le but de faire du secteur minier un v\u00e9ritable levier de croissance et de d\u00e9veloppement durable.<\/p>\n\n\n\n<p> Il a insist\u00e9 sur la politique mini\u00e8re et principalement le code minier par la loi n\u2019 2016-32 du 08 novembre 2026. La disposition met en place deux m\u00e9canismes, le fonds d\u2019appui au d\u00e9veloppement local, 0,5 pour cent du chiffre d\u2019affaires des d\u00e9tenteurs des titres miniers de recherche et d\u2019exploitation, et le fonds d\u2019appui et de p\u00e9r\u00e9quation aux Collectivit\u00e9s territoriales aliment\u00e9 par 30 pour cent des recettes mini\u00e8res.<\/p>\n\n\n\n<p>Par rapport \u00e0  la r\u00e9habilitation des sites miniers et des carri\u00e8res, le secr\u00e9taire g\u00e9n\u00e9ral du minist\u00e8re du P\u00e9trole a consid\u00e9r\u00e9 cette option comme un d\u00e9fi et une n\u00e9cessit\u00e9 pour garantir une exploitation durable des ressources.<\/p>\n\n\n\n<p> Sur la dimension du contenu local,  il le pr\u00e9sente comme les retomb\u00e9es \u00e9conomiques et sociales de l\u2019industrie mini\u00e8re au niveau local englobant l\u2019approvisionnement local, la promotion des entreprises nationales, la formation et l\u2019emploi local. Il a fait r\u00e9f\u00e9rence au mod\u00e8le de la.<\/p>\n\n\n\n<p>Cedeao sur l\u2019exploitation mini\u00e8re et le d\u00e9veloppement des ressources min\u00e9rales et le code minier de l\u2019Uemoa. Une disposition de la Cedeao sugg\u00e8re l\u2019\u00e9laboration dans chaque \u00c9tat membre d\u2019une politique de d\u00e9veloppement du contenu local et de mettre en place une g\u00e9n\u00e9ration nationale du contenu local.<\/p>\n\n\n\n<p> L\u2019honorable d\u00e9put\u00e9, Mamadou Oury Diallo, repr\u00e9sentant de l\u2019Uael a insist\u00e9 sur la mobilisation des ressources devant revenir aux Collectivit\u00e9s territoriales des zones mini\u00e8res.<\/p>\n\n\n\n<p> Il a sollicit\u00e9 une meilleure volont\u00e9 de l\u2019Etat pour la diligence et la distribution de ces fonds devant participer au financement du d\u00e9veloppement local. <\/p>\n\n\n\n<p>La pr\u00e9occupation entre en droite ligne avec celle d\u2019Abass Fall, parlementaire et pr\u00e9sident de la commission ayant en charge les mines \u00e0 l\u2019Assembl\u00e9e Nationale.Samba Ni\u00e9b\u00e9 BA<\/p>\n","protected":false},"excerpt":{"rendered":"<p>Un atelier ax\u00e9 autour de la sensibilisation des autorit\u00e9s territoriales sur les enjeux et les d\u00e9fis li\u00e9s \u00e0 la gouvernance<\/p>\n","protected":false},"author":1,"featured_media":36850,"comment_status":"open","ping_status":"open","sticky":false,"template":"","format":"standard","meta":{"footnotes":""},"categories":[3],"tags":[],"class_list":["post-36849","post","type-post","status-publish","format-standard","has-post-thumbnail","hentry","category-event-more-news"],"_links":{"self":[{"href":"https:\/\/dekkbi.com\/index.php?rest_route=\/wp\/v2\/posts\/36849","targetHints":{"allow":["GET"]}}],"collection":[{"href":"https:\/\/dekkbi.com\/index.php?rest_route=\/wp\/v2\/posts"}],"about":[{"href":"https:\/\/dekkbi.com\/index.php?rest_route=\/wp\/v2\/types\/post"}],"author":[{"embeddable":true,"href":"https:\/\/dekkbi.com\/index.php?rest_route=\/wp\/v2\/users\/1"}],"replies":[{"embeddable":true,"href":"https:\/\/dekkbi.com\/index.php?rest_route=%2Fwp%2Fv2%2Fcomments&post=36849"}],"version-history":[{"count":1,"href":"https:\/\/dekkbi.com\/index.php?rest_route=\/wp\/v2\/posts\/36849\/revisions"}],"predecessor-version":[{"id":36851,"href":"https:\/\/dekkbi.com\/index.php?rest_route=\/wp\/v2\/posts\/36849\/revisions\/36851"}],"wp:featuredmedia":[{"embeddable":true,"href":"https:\/\/dekkbi.com\/index.php?rest_route=\/wp\/v2\/media\/36850"}],"wp:attachment":[{"href":"https:\/\/dekkbi.com\/index.php?rest_route=%2Fwp%2Fv2%2Fmedia&parent=36849"}],"wp:term":[{"taxonomy":"category","embeddable":true,"href":"https:\/\/dekkbi.com\/index.php?rest_route=%2Fwp%2Fv2%2Fcategories&post=36849"},{"taxonomy":"post_tag","embeddable":true,"href":"https:\/\/dekkbi.com\/index.php?rest_route=%2Fwp%2Fv2%2Ftags&post=36849"}],"curies":[{"name":"wp","href":"https:\/\/api.w.org\/{rel}","templated":true}]}}