{"id":36845,"date":"2024-05-25T09:01:57","date_gmt":"2024-05-25T09:01:57","guid":{"rendered":"https:\/\/dekkbi.com\/?p=36845"},"modified":"2024-05-25T09:01:58","modified_gmt":"2024-05-25T09:01:58","slug":"cameroun-feuilleton-sans-fin-la-fecafoot-suspend-marc-brys-et-le-convoque-mardi-prochain","status":"publish","type":"post","link":"https:\/\/dekkbi.com\/?p=36845","title":{"rendered":"Cameroun \u2013 Feuilleton sans fin : La F\u00e9cafoot suspend Marc Brys\u2026 et le convoque mardi prochain"},"content":{"rendered":"\n<p>A l\u2019approche des matchs \u00e9liminatoires de la Coupe du monde 2026 contre le Cap-Vert et l\u2019Angola, respectivement les 8 et 11 juin 2024, la F\u00e9d\u00e9ration camerounaise de football (F\u00e9cafoot) a convoqu\u00e9 une s\u00e9ance de travail avec Marc Brys, pourtant suspendu par ses propres soins il y a quelques jours\u2026<\/p>\n\n\n\n<p>Si la Fifa ne sait pas sur quel pied danser face au grand flou entourant l\u2019encadrement de l\u2019Equipe du Cameroun, c\u2019est d\u00e9sormais aussi le cas des supporters. Alors qu\u2019elle a suspendu le s\u00e9lectionneur Marc Brys pas plus tard que mardi, en r\u00e9plique \u00e0 la suspension de son staff par la Chambre de conciliation et d\u2019arbitrage du Comit\u00e9 national olympique camerounais, la F\u00e9cafoot a suscit\u00e9 l\u2019incompr\u00e9hension en convoquant le Belge \u00e0 une s\u00e9ance de travail.<\/p>\n\n\n\n<p>Quand la F\u00e9cafoot se couvre de ridicule\u00abNous vous prions de bien vouloir prendre part \u00e0 une s\u00e9ance de travail qui se tiendra le mardi 28 mai 2024 d\u00e8s 9h 00 au si\u00e8ge de la F\u00e9d\u00e9ration camerounaise de football, sis \u00e0 Tsinga. <\/p>\n\n\n\n<p>L\u2019ordre du jour de ladite s\u00e9ance de travail vous sera communiqu\u00e9 s\u00e9ance tenante\u00bb, peut-on lire dans un communiqu\u00e9. Comble de l\u2019ironie, le Flamand a \u00e9t\u00e9 convi\u00e9 en tant qu\u2019\u00abentra\u00eeneur-s\u00e9lectionneur des Lions Indomptables du Cameroun\u00bb. <\/p>\n\n\n\n<p>L\u2019instance aurait-elle revu sa position ? <\/p>\n\n\n\n<p>D\u2019aucuns auraient en tout cas tendance \u00e0 r\u00e9pondre par l\u2019affirmative. Si cela se confirme, il s\u2019agirait d\u2019une seconde humiliation pour son pr\u00e9sident Eto\u2019o.<\/p>\n\n\n\n<p>Depuis la nomination sans son aval du s\u00e9lectionneur et du staff des Benjamin Banlock et compagnie, ni le minist\u00e8re des Sports ni le s\u00e9lectionneur Marc Brys n\u2019ont chang\u00e9 de ligne de conduite. Contrairement \u00e0 l\u2019ancien attaquant qui encha\u00eenerait donc une seconde volte-face apr\u00e8s avoir reconnu Brys \u00e0 contrec\u0153ur. Ce dernier avait d\u2019ailleurs d\u00e9menti son licenciement jeudi.<\/p>\n\n\n\n<p>Afrik-foot<\/p>\n","protected":false},"excerpt":{"rendered":"<p>A l\u2019approche des matchs \u00e9liminatoires de la Coupe du monde 2026 contre le Cap-Vert et l\u2019Angola, respectivement les 8 et<\/p>\n","protected":false},"author":1,"featured_media":36170,"comment_status":"open","ping_status":"open","sticky":false,"template":"","format":"standard","meta":{"footnotes":""},"categories":[9],"tags":[],"class_list":["post-36845","post","type-post","status-publish","format-standard","has-post-thumbnail","hentry","category-sports"],"_links":{"self":[{"href":"https:\/\/dekkbi.com\/index.php?rest_route=\/wp\/v2\/posts\/36845","targetHints":{"allow":["GET"]}}],"collection":[{"href":"https:\/\/dekkbi.com\/index.php?rest_route=\/wp\/v2\/posts"}],"about":[{"href":"https:\/\/dekkbi.com\/index.php?rest_route=\/wp\/v2\/types\/post"}],"author":[{"embeddable":true,"href":"https:\/\/dekkbi.com\/index.php?rest_route=\/wp\/v2\/users\/1"}],"replies":[{"embeddable":true,"href":"https:\/\/dekkbi.com\/index.php?rest_route=%2Fwp%2Fv2%2Fcomments&post=36845"}],"version-history":[{"count":1,"href":"https:\/\/dekkbi.com\/index.php?rest_route=\/wp\/v2\/posts\/36845\/revisions"}],"predecessor-version":[{"id":36846,"href":"https:\/\/dekkbi.com\/index.php?rest_route=\/wp\/v2\/posts\/36845\/revisions\/36846"}],"wp:featuredmedia":[{"embeddable":true,"href":"https:\/\/dekkbi.com\/index.php?rest_route=\/wp\/v2\/media\/36170"}],"wp:attachment":[{"href":"https:\/\/dekkbi.com\/index.php?rest_route=%2Fwp%2Fv2%2Fmedia&parent=36845"}],"wp:term":[{"taxonomy":"category","embeddable":true,"href":"https:\/\/dekkbi.com\/index.php?rest_route=%2Fwp%2Fv2%2Fcategories&post=36845"},{"taxonomy":"post_tag","embeddable":true,"href":"https:\/\/dekkbi.com\/index.php?rest_route=%2Fwp%2Fv2%2Ftags&post=36845"}],"curies":[{"name":"wp","href":"https:\/\/api.w.org\/{rel}","templated":true}]}}