{"id":36842,"date":"2024-05-25T08:53:04","date_gmt":"2024-05-25T08:53:04","guid":{"rendered":"https:\/\/dekkbi.com\/?p=36842"},"modified":"2024-05-25T08:53:05","modified_gmt":"2024-05-25T08:53:05","slug":"plaidoyer-pour-une-bibliotheque-salemata-reclame-son-clac","status":"publish","type":"post","link":"https:\/\/dekkbi.com\/?p=36842","title":{"rendered":"Plaidoyer pour une biblioth\u00e8que : Sal\u00e9mata r\u00e9clame son Clac"},"content":{"rendered":"\n<p><strong>A l\u2019occasion du lancement du festival des 72h de Slam et Po\u00e9sie qu\u2019accueillait la commune de Sal\u00e9mata du 17 au 18 mai derniers, le maire et l\u2019ensemble de la communaut\u00e9 \u00e9ducative ont r\u00e9clam\u00e9 l\u2019\u00e9rection d\u2019un Centre de lecture et d\u2019animation culturelle (Clac) dans le d\u00e9partement.<\/strong><\/p>\n\n\n\n<p>Avec ses 11 \u00e9coles \u00e9l\u00e9mentaires, son coll\u00e8ge et son lyc\u00e9e, la commune de Sal\u00e9mata ne dispose pas encore d\u2019une biblioth\u00e8que communale.<\/p>\n\n\n\n<p> A l\u2019occasion des 72h de Slam et Po\u00e9sie que la commune accueillait cette ann\u00e9e, le maire Kamissa Camara a saisi l\u2019occasion pour lancer un appel en faveur de la cr\u00e9ation d\u2019une biblioth\u00e8que pour toutes les communes du d\u00e9partement. <\/p>\n\n\n\n<p>\u00abUne biblioth\u00e8que n\u2019est pas seulement un lieu de savoir et de d\u00e9couverte, c\u2019est aussi le c\u0153ur battant du savoir et de l\u2019\u00e9ducation\u00bb, indique M. Camara, exhortant les partenaires \u00e0 soutenir l\u2019initiative. <\/p>\n\n\n\n<p>La maison d\u2019\u00e9dition Harmattan S\u00e9n\u00e9gal, qui accompagne le festival, a d\u00e9j\u00e0 fait un premier pas en offrant quelques ouvrages aux \u00e9coles de la commune. Mais pour le maire, l\u2019\u00e9rection de cette biblioth\u00e8que est d\u2019une importance capitale.<\/p>\n\n\n\n<p> \u00abAvoir une biblioth\u00e8que, c\u2019est inciter les \u00e9l\u00e8ves \u00e0 aimer la lecture, la po\u00e9sie. On remarque que les \u00e9l\u00e8ves font surtout focus sur leurs t\u00e9l\u00e9phones aujourd\u2019hui. Quand on demande \u00e0 un \u00e9l\u00e8ve d\u2019\u00e9crire bonjour, il va mettre \u00abbjr\u00bb. Il faut passer par la lecture. <\/p>\n\n\n\n<p>Mais je demande aussi que chacune des 6 communes de Sal\u00e9mata puisse avoir sa biblioth\u00e8que\u00bb, souligne l\u2019\u00e9dile, convaincu de la puissance de la litt\u00e9rature et de la po\u00e9sie dans le d\u00e9veloppement intellectuel de ses jeunes citoyens. <\/p>\n\n\n\n<p>En pr\u00e9sidant la c\u00e9r\u00e9monie d\u2019ouverture des 72h de Slam et Po\u00e9sie, le Pr\u00e9fet du d\u00e9partement n\u2019a pas manqu\u00e9 de souligner l\u2019importance de la lecture. \u00abUne des armes les plus puissantes contre la violence, c\u2019est la lecture.<\/p>\n\n\n\n<p> Elle offre une fen\u00eatre sur un autre monde et d\u2019autres exp\u00e9riences\u00bb, souligne Jean-Paul Malick Faye. Evoquant particuli\u00e8rement le th\u00e8me\u00a0: \u00abLire pour lutter contre les violences bas\u00e9es sur le genre\u00bb, le Pr\u00e9fet de Sal\u00e9mata note qu\u2019elles sont omnipr\u00e9sentes et affectent la scolarit\u00e9 de nombre de jeunes \u00e9l\u00e8ves.<\/p>\n\n\n\n<p> \u00abLa lecture est un moyen puissant pour lutter contre les violences bas\u00e9es sur le genre. Elle \u00e9duque, sensibilise, d\u00e9construit les st\u00e9r\u00e9otypes, promeut l\u2019\u00e9galit\u00e9, autonomise les victimes et mobilise les communaut\u00e9s. <\/p>\n\n\n\n<p>Chaque livre lu, chaque histoire partag\u00e9e nous rapproche un peu plus d\u2019un monde sans violence\u00bb, souligne le Pr\u00e9fet Faye. Pour le pr\u00e9sident de Food for children (Ffc) qui organise le festival, \u00abson association croit profond\u00e9ment que c\u2019est par la lecture et son d\u00e9veloppement\u00bb que l\u2019on pourrait parvenir \u00e0 donner aux enfants les aptitudes et attitudes n\u00e9cessaires pour trouver leur place dans le monde.<\/p>\n\n\n\n<p> Malgr\u00e9 son \u00e9loignement de la capitale, Sal\u00e9mata r\u00e9clame le droit d\u2019avoir le m\u00eame traitement que les autres entit\u00e9s de ce pays.<\/p>\n\n\n\n<p> C\u2019est \u00e0 ce titre que toute la communaut\u00e9 \u00e9ducative s\u2019est unie pour r\u00e9clamer la mise en service d\u2019un Centre de lecture et d\u2019animation culturelle (Clac), \u00e0 l\u2019image de ceux qui existent d\u00e9j\u00e0 \u00e0 Mboumba et Ngayokh\u00e8me.<br><strong>mamewoury@lequotidien.sn<\/strong><\/p>\n","protected":false},"excerpt":{"rendered":"<p>A l\u2019occasion du lancement du festival des 72h de Slam et Po\u00e9sie qu\u2019accueillait la commune de Sal\u00e9mata du 17 au<\/p>\n","protected":false},"author":1,"featured_media":36843,"comment_status":"open","ping_status":"open","sticky":false,"template":"","format":"standard","meta":{"footnotes":""},"categories":[21],"tags":[],"class_list":["post-36842","post","type-post","status-publish","format-standard","has-post-thumbnail","hentry","category-societe"],"_links":{"self":[{"href":"https:\/\/dekkbi.com\/index.php?rest_route=\/wp\/v2\/posts\/36842","targetHints":{"allow":["GET"]}}],"collection":[{"href":"https:\/\/dekkbi.com\/index.php?rest_route=\/wp\/v2\/posts"}],"about":[{"href":"https:\/\/dekkbi.com\/index.php?rest_route=\/wp\/v2\/types\/post"}],"author":[{"embeddable":true,"href":"https:\/\/dekkbi.com\/index.php?rest_route=\/wp\/v2\/users\/1"}],"replies":[{"embeddable":true,"href":"https:\/\/dekkbi.com\/index.php?rest_route=%2Fwp%2Fv2%2Fcomments&post=36842"}],"version-history":[{"count":1,"href":"https:\/\/dekkbi.com\/index.php?rest_route=\/wp\/v2\/posts\/36842\/revisions"}],"predecessor-version":[{"id":36844,"href":"https:\/\/dekkbi.com\/index.php?rest_route=\/wp\/v2\/posts\/36842\/revisions\/36844"}],"wp:featuredmedia":[{"embeddable":true,"href":"https:\/\/dekkbi.com\/index.php?rest_route=\/wp\/v2\/media\/36843"}],"wp:attachment":[{"href":"https:\/\/dekkbi.com\/index.php?rest_route=%2Fwp%2Fv2%2Fmedia&parent=36842"}],"wp:term":[{"taxonomy":"category","embeddable":true,"href":"https:\/\/dekkbi.com\/index.php?rest_route=%2Fwp%2Fv2%2Fcategories&post=36842"},{"taxonomy":"post_tag","embeddable":true,"href":"https:\/\/dekkbi.com\/index.php?rest_route=%2Fwp%2Fv2%2Ftags&post=36842"}],"curies":[{"name":"wp","href":"https:\/\/api.w.org\/{rel}","templated":true}]}}