{"id":36778,"date":"2024-05-23T23:49:02","date_gmt":"2024-05-23T23:49:02","guid":{"rendered":"https:\/\/dekkbi.com\/?p=36778"},"modified":"2024-05-23T23:49:02","modified_gmt":"2024-05-23T23:49:02","slug":"lequipe-de-france-ce-sera-termine-apres-leuro-olivier-giroud-annonce-quil-prendra-sa-retraite-internationale-cet-ete","status":"publish","type":"post","link":"https:\/\/dekkbi.com\/?p=36778","title":{"rendered":"\u00ab\u00a0L&rsquo;\u00e9quipe de France, ce sera termin\u00e9 apr\u00e8s l&rsquo;Euro\u00a0\u00bb&#8230; Olivier Giroud annonce qu&rsquo;il prendra sa retraite internationale cet \u00e9t\u00e9"},"content":{"rendered":"\n<p>A 37 ans, le meilleur buteur de l&rsquo;histoire des Bleus va disputer sa septi\u00e8me et derni\u00e8re comp\u00e9tition internationale.<\/p>\n\n\n\n<p>Une page qui se tourne, comme attendu. Olivier Giroud a d\u00e9clar\u00e9 qu&rsquo;il allait prendre sa retraite internationale apr\u00e8s l&rsquo;Euro, dans une interview accord\u00e9e au journal L&rsquo;Equipe et mise en ligne jeudi 23 mai. <\/p>\n\n\n\n<p>\u00ab\u00a0En \u00e9tant honn\u00eate, il faut se dire que ce sera ma derni\u00e8re comp\u00e9tition avec les Bleus. <\/p>\n\n\n\n<p>\u00c9videmment, \u00e7a va beaucoup me manquer. Mais je pense que l&rsquo;\u00e9quipe de France, ce sera termin\u00e9 apr\u00e8s l&rsquo;Euro. <\/p>\n\n\n\n<p>Il faut laisser la place aux jeunes\u00a0\u00bb, a expliqu\u00e9 le meilleur buteur de l&rsquo;histoire de la s\u00e9lection (57 r\u00e9alisations en 131 matchs).<\/p>\n\n\n\n<p>\u00ab\u00a0Il faut aussi savoir ne pas faire la saison de trop. Je ressens aussi une fatigue physique et mentale. J&rsquo;ai toujours dit que j&rsquo;allais arr\u00eater au moment o\u00f9 mon corps me le demandait.<\/p>\n\n\n\n<p> Je pense avoir encore deux bonnes ann\u00e9es. Mais pour l&rsquo;\u00e9quipe de France, \u00e0 mon avis, ce sera fini\u00a0\u00bb, a pr\u00e9cis\u00e9 l&rsquo;attaquant de l&rsquo;AC Milan. Apr\u00e8s l&rsquo;\u00e9t\u00e9, il rejoindra aux Etats-Unis son ancien co\u00e9quipier et ami, Hugo Lloris, au Los Angeles FC.<\/p>\n\n\n\n<p>Sacr\u00e9 champion du monde en 2018, l&rsquo;ancien Montpelli\u00e9rain, pass\u00e9 par Arsenal, a raffl\u00e9 pas moins de 13 troph\u00e9es, dont la Ligue Europa 2019 et la Ligue des champions 2021 avec Chelsea. <\/p>\n\n\n\n<p>Pour sa septi\u00e8me et derni\u00e8re comp\u00e9tition internationale \u00e0 37 ans, il tentera donc de d\u00e9crocher l&rsquo;un des titres les plus prestigieux qui le fuit : le championnat d&rsquo;Europe, dont il avait atteint la finale en 2016.<\/p>\n\n\n\n<p>FRANCEINFO<\/p>\n","protected":false},"excerpt":{"rendered":"<p>A 37 ans, le meilleur buteur de l&rsquo;histoire des Bleus va disputer sa septi\u00e8me et derni\u00e8re comp\u00e9tition internationale. Une page<\/p>\n","protected":false},"author":1,"featured_media":36779,"comment_status":"open","ping_status":"open","sticky":false,"template":"","format":"standard","meta":{"footnotes":""},"categories":[9],"tags":[],"class_list":["post-36778","post","type-post","status-publish","format-standard","has-post-thumbnail","hentry","category-sports"],"_links":{"self":[{"href":"https:\/\/dekkbi.com\/index.php?rest_route=\/wp\/v2\/posts\/36778","targetHints":{"allow":["GET"]}}],"collection":[{"href":"https:\/\/dekkbi.com\/index.php?rest_route=\/wp\/v2\/posts"}],"about":[{"href":"https:\/\/dekkbi.com\/index.php?rest_route=\/wp\/v2\/types\/post"}],"author":[{"embeddable":true,"href":"https:\/\/dekkbi.com\/index.php?rest_route=\/wp\/v2\/users\/1"}],"replies":[{"embeddable":true,"href":"https:\/\/dekkbi.com\/index.php?rest_route=%2Fwp%2Fv2%2Fcomments&post=36778"}],"version-history":[{"count":1,"href":"https:\/\/dekkbi.com\/index.php?rest_route=\/wp\/v2\/posts\/36778\/revisions"}],"predecessor-version":[{"id":36780,"href":"https:\/\/dekkbi.com\/index.php?rest_route=\/wp\/v2\/posts\/36778\/revisions\/36780"}],"wp:featuredmedia":[{"embeddable":true,"href":"https:\/\/dekkbi.com\/index.php?rest_route=\/wp\/v2\/media\/36779"}],"wp:attachment":[{"href":"https:\/\/dekkbi.com\/index.php?rest_route=%2Fwp%2Fv2%2Fmedia&parent=36778"}],"wp:term":[{"taxonomy":"category","embeddable":true,"href":"https:\/\/dekkbi.com\/index.php?rest_route=%2Fwp%2Fv2%2Fcategories&post=36778"},{"taxonomy":"post_tag","embeddable":true,"href":"https:\/\/dekkbi.com\/index.php?rest_route=%2Fwp%2Fv2%2Ftags&post=36778"}],"curies":[{"name":"wp","href":"https:\/\/api.w.org\/{rel}","templated":true}]}}