{"id":36770,"date":"2024-05-23T22:55:05","date_gmt":"2024-05-23T22:55:05","guid":{"rendered":"https:\/\/dekkbi.com\/?p=36770"},"modified":"2024-05-23T22:55:06","modified_gmt":"2024-05-23T22:55:06","slug":"paris-2024-une-attaque-dejouee-avant-le-passage-de-la-flamme-olympique-a-bordeaux","status":"publish","type":"post","link":"https:\/\/dekkbi.com\/?p=36770","title":{"rendered":"Paris 2024 : une attaque d\u00e9jou\u00e9e avant le passage de la flamme olympique \u00e0 Bordeaux"},"content":{"rendered":"\n<p>Un homme de 26 ans a \u00e9t\u00e9 interpell\u00e9, jeudi 23 mai, \u00e0 Bordeaux (Gironde). Il planifiait une action violente lors du passage de la flamme olympique, selon le ministre de l&rsquo;Int\u00e9rieur, G\u00e9rald Darmanin.<\/p>\n\n\n\n<p>Le relais de la flamme venait de commencer en Gironde, durant la matin\u00e9e du jeudi 23 mai, dans une ambiance de f\u00eate et sous haute s\u00e9curit\u00e9. G\u00e9rald Darmanin a alors annonc\u00e9 qu&rsquo;un individu \u00ab\u00a0planifiant une action violente lors du passage du relais de la flamme olympique \u00e0 Bordeaux a \u00e9t\u00e9 interpell\u00e9\u00a0\u00bb. <\/p>\n\n\n\n<p>Selon le ministre de l&rsquo;Int\u00e9rieur, l&rsquo;attaque aurait pu se produire dans l&rsquo;apr\u00e8s-midi, la flamme traversant Bordeaux entre 16 heures et 20 heures, avec une arriv\u00e9e place des Quinconces, o\u00f9 des milliers de spectateurs sont attendus.<\/p>\n\n\n\n<p>Une vingtaine d&rsquo;actions d\u00e9jou\u00e9es depuis le d\u00e9but du relais<\/p>\n\n\n\n<p>Le parquet indique que le suspect a \u00e9t\u00e9 arr\u00eat\u00e9 deux jours plus t\u00f4t. Alex G., n\u00e9 en 1998, ne dispose pas d&rsquo;ant\u00e9c\u00e9dent judiciaire. Il serait int\u00e9ress\u00e9 par la mouvance Incel, des hommes c\u00e9libataires qui expriment en ligne leur haine des femmes.<\/p>\n\n\n\n<p> Le suspect a fait r\u00e9f\u00e9rence sur les r\u00e9seaux sociaux \u00e0 une tuerie de masse survenue il y a 10 ans en Californie, dont l&rsquo;auteur \u00e9tait membre de la communaut\u00e9 Incel. Impossible de savoir pour l&rsquo;heure si le suspect avait pr\u00e9vu une attaque sur le relais de la flamme. <\/p>\n\n\n\n<p>Les forces de l&rsquo;ordre savent depuis des mois que le relais de la flamme est une cible potentielle de groupes militants ou de terroristes. Plus d&rsquo;une vingtaine d&rsquo;actions ont \u00e9t\u00e9 d\u00e9jou\u00e9es depuis le d\u00e9but du relais.<\/p>\n\n\n\n<p>FRANCEINFO<\/p>\n","protected":false},"excerpt":{"rendered":"<p>Un homme de 26 ans a \u00e9t\u00e9 interpell\u00e9, jeudi 23 mai, \u00e0 Bordeaux (Gironde). Il planifiait une action violente lors<\/p>\n","protected":false},"author":1,"featured_media":36771,"comment_status":"open","ping_status":"open","sticky":false,"template":"","format":"standard","meta":{"footnotes":""},"categories":[9],"tags":[],"class_list":["post-36770","post","type-post","status-publish","format-standard","has-post-thumbnail","hentry","category-sports"],"_links":{"self":[{"href":"https:\/\/dekkbi.com\/index.php?rest_route=\/wp\/v2\/posts\/36770","targetHints":{"allow":["GET"]}}],"collection":[{"href":"https:\/\/dekkbi.com\/index.php?rest_route=\/wp\/v2\/posts"}],"about":[{"href":"https:\/\/dekkbi.com\/index.php?rest_route=\/wp\/v2\/types\/post"}],"author":[{"embeddable":true,"href":"https:\/\/dekkbi.com\/index.php?rest_route=\/wp\/v2\/users\/1"}],"replies":[{"embeddable":true,"href":"https:\/\/dekkbi.com\/index.php?rest_route=%2Fwp%2Fv2%2Fcomments&post=36770"}],"version-history":[{"count":1,"href":"https:\/\/dekkbi.com\/index.php?rest_route=\/wp\/v2\/posts\/36770\/revisions"}],"predecessor-version":[{"id":36772,"href":"https:\/\/dekkbi.com\/index.php?rest_route=\/wp\/v2\/posts\/36770\/revisions\/36772"}],"wp:featuredmedia":[{"embeddable":true,"href":"https:\/\/dekkbi.com\/index.php?rest_route=\/wp\/v2\/media\/36771"}],"wp:attachment":[{"href":"https:\/\/dekkbi.com\/index.php?rest_route=%2Fwp%2Fv2%2Fmedia&parent=36770"}],"wp:term":[{"taxonomy":"category","embeddable":true,"href":"https:\/\/dekkbi.com\/index.php?rest_route=%2Fwp%2Fv2%2Fcategories&post=36770"},{"taxonomy":"post_tag","embeddable":true,"href":"https:\/\/dekkbi.com\/index.php?rest_route=%2Fwp%2Fv2%2Ftags&post=36770"}],"curies":[{"name":"wp","href":"https:\/\/api.w.org\/{rel}","templated":true}]}}