{"id":36767,"date":"2024-05-23T22:51:20","date_gmt":"2024-05-23T22:51:20","guid":{"rendered":"https:\/\/dekkbi.com\/?p=36767"},"modified":"2024-05-23T22:51:21","modified_gmt":"2024-05-23T22:51:21","slug":"projet-transport-electricite-du-senegal-power-compact-du-mca-senegal-2-ouverture-des-bureaux-decoute-charges-de-la-gestion-des-plaintes-sensibles-du-projet","status":"publish","type":"post","link":"https:\/\/dekkbi.com\/?p=36767","title":{"rendered":"Projet transport \u00e9lectricit\u00e9 du \u00abS\u00e9n\u00e9gal power compact\u00bb du MCA-S\u00e9n\u00e9gal 2 : Ouverture des bureaux d\u2019\u00e9coute charg\u00e9s de la gestion des plaintes sensibles du projet"},"content":{"rendered":"\n<p>Le Millenium Challenge Account (MCA) entame la deuxi\u00e8me phase de son projet \u00ab S\u00e9n\u00e9gal Power Compact \u00bb, visant \u00e0 renforcer la fiabilit\u00e9 du r\u00e9seau de transport d\u2019\u00e9lectricit\u00e9 haute tension dans Dakar et ses environs. <\/p>\n\n\n\n<p>Ce projet, crucial pour am\u00e9liorer la fourniture d\u2019\u00e9lectricit\u00e9 dans tout le pays, comprend la construction de grandes infrastructures et l\u2019installation de c\u00e2bles sous-marins et souterrains.<\/p>\n\n\n\n<p>Pour aborder les probl\u00e9matiques li\u00e9es \u00e0 la traite des personnes, aux mauvaises conditions de travail et aux violences bas\u00e9es sur le genre, MCA-S\u00e9n\u00e9gal 2, en collaboration avec la Direction de la Justice de Proximit\u00e9 et de la Promotion de l\u2019Acc\u00e8s au Droit (DJPPAD), a ouvert officiellement des bureaux d\u2019\u00e9coute. <\/p>\n\n\n\n<p>Ces bureaux sont charg\u00e9s de la gestion des plaintes sensibles li\u00e9es au projet.A en croire Oumar Diop, Directeur g\u00e9n\u00e9ral du MCA-S\u00e9n\u00e9gal 2, la prise en charge de ces plaintes assure que le droit des travailleurs et des populations riveraines des chantiers sont prot\u00e9g\u00e9s. <\/p>\n\n\n\n<p>\u00abL\u2019ouverture de ces bureaux d\u2019\u00e9coute marque un fort engagement de MCA dans la lutte contre les violences bas\u00e9es sur le genre, en mettant l\u2019accent sur la pr\u00e9vention du harc\u00e8lement ; ces violences englobent toute forme de violence, de discrimination ou d\u2019abus ciblant une personne en raison de son genre, touchant aussi bien les hommes que les femmes\u00bb, a-t-il indiqu\u00e9.<\/p>\n\n\n\n<p>Le Directeur g\u00e9n\u00e9ral souligne que la pr\u00e9vention et la prise en charge des plaintes sensibles est un volet important dans la mise en \u0153uvre du projet du Compact. \u00abLa mise en place de ces bureaux d\u2019\u00e9coute s\u2019inscrit dans le cadre de notre m\u00e9canisme de gestion des  plaintes. <\/p>\n\n\n\n<p>Ce m\u00e9canisme a permis d\u2019identifier la DJPPAD comme partenaire strat\u00e9gique pour accompagner la Direction Genre et Inclusion Sociale du MCA-S\u00e9n\u00e9gal 2 dans la pr\u00e9vention et la gestion des plaintes sensibles de notre projet Transport d\u2019\u00e9lectricit\u00e9\u00bb, a d\u00e9clar\u00e9 M. Diop.<\/p>\n\n\n\n<p>Ce dernier a, par ailleurs, pr\u00e9cis\u00e9 que cela permet de minimiser les impacts n\u00e9gatifs en pr\u00eatant une attention particuli\u00e8re \u00e0 la protection des jeunes, des femmes autour des sites de construction mais \u00e9galement de permettre aux groupes vuln\u00e9rables de profiter des opportunit\u00e9s d\u2019emploi existantes.<\/p>\n\n\n\n<p>Pour sa part, Abdoulaye Ndiaye, Directeur de la  DJPPAD au minist\u00e8re de la Justice, estime que MCA-S\u00e9n\u00e9gal 2  a choisi la DJPPAD pour abriter les bureaux d\u2019\u00e9coute qui seront mis en place dans le cadre de la gestion des conflits qui vont na\u00eetre des activit\u00e9s du projet.<\/p>\n\n\n\n<p> \u00abAu niveau de nos bureaux et dans les Maisons de Justice, nous faisons de la m\u00e9diation et la conciliation c\u2019est-\u00e0-dire que les Maisons de Justice ne sont pas des juridictions, ce sont des espaces dans lesquels, de fa\u00e7on gratuite, les personnes peuvent venir d\u00e9poser leurs plaintes sur des probl\u00e8mes qui les concernent\u00bb, a-t-il d\u00e9clar\u00e9.<\/p>\n\n\n\n<p>Le magistrat ajoute : \u00abAlors, quand on parle de m\u00e9diation et de conciliation, il s\u2019agira de trouver de fa\u00e7on amiable des solutions. Mais, si les protagonistes n\u2019arrivent pas \u00e0 trouver des solutions amiables au niveau de nos Maisons de Justice, ces personnes peuvent librement et valablement saisir les juridictions comp\u00e9tentes. Mais \u00e7a,  c\u2019est pour les cas qui peuvent faire l\u2019objet de m\u00e9diation. <\/p>\n\n\n\n<p>Mais on a parl\u00e9 des questions de viols ou d\u2019autres faits qui peuvent \u00eatre qualifi\u00e9s de violation de la loi p\u00e9nale et dans ce cas-l\u00e0 les m\u00e9diateurs qui sont au niveau des Maisons de Justice ou les responsables des bureaux d\u2019\u00e9coute auront la possibilit\u00e9 de saisir les Procureurs de la R\u00e9publique comp\u00e9tents pour que les juridictions se saisissent de ces questions\u00bb, a pr\u00e9cis\u00e9 Abdoulaye Ndiaye.<\/p>\n\n\n\n<p>Le Directeur de la DJPPAD rel\u00e8ve qu\u2019il s\u2019agit d\u2019avertissement \u00e0 l\u2019endroit de tout le monde qui sera dans les sites du projet, aux environs, pour que l\u2019environnement de travail de MCA soit un environnement paisible, calme et le plus conforme aux exigences l\u00e9gales dans notre pays.<\/p>\n\n\n\n<p>Apr\u00e8s l\u2019ouverture du bureau d\u2019\u00e9coute de Diamegu\u00e8ne Sicap-Mbao, des bureaux seront \u00e9galement install\u00e9s \u00e0 Rufisque et \u00e0 Grand Yoff.<\/p>\n\n\n\n<p>Moussa THIAM<\/p>\n\n\n\n<p>SUDQUOTIEN<\/p>\n","protected":false},"excerpt":{"rendered":"<p>Le Millenium Challenge Account (MCA) entame la deuxi\u00e8me phase de son projet \u00ab S\u00e9n\u00e9gal Power Compact \u00bb, visant \u00e0 renforcer<\/p>\n","protected":false},"author":1,"featured_media":36768,"comment_status":"open","ping_status":"open","sticky":false,"template":"","format":"standard","meta":{"footnotes":""},"categories":[3],"tags":[],"class_list":["post-36767","post","type-post","status-publish","format-standard","has-post-thumbnail","hentry","category-event-more-news"],"_links":{"self":[{"href":"https:\/\/dekkbi.com\/index.php?rest_route=\/wp\/v2\/posts\/36767","targetHints":{"allow":["GET"]}}],"collection":[{"href":"https:\/\/dekkbi.com\/index.php?rest_route=\/wp\/v2\/posts"}],"about":[{"href":"https:\/\/dekkbi.com\/index.php?rest_route=\/wp\/v2\/types\/post"}],"author":[{"embeddable":true,"href":"https:\/\/dekkbi.com\/index.php?rest_route=\/wp\/v2\/users\/1"}],"replies":[{"embeddable":true,"href":"https:\/\/dekkbi.com\/index.php?rest_route=%2Fwp%2Fv2%2Fcomments&post=36767"}],"version-history":[{"count":1,"href":"https:\/\/dekkbi.com\/index.php?rest_route=\/wp\/v2\/posts\/36767\/revisions"}],"predecessor-version":[{"id":36769,"href":"https:\/\/dekkbi.com\/index.php?rest_route=\/wp\/v2\/posts\/36767\/revisions\/36769"}],"wp:featuredmedia":[{"embeddable":true,"href":"https:\/\/dekkbi.com\/index.php?rest_route=\/wp\/v2\/media\/36768"}],"wp:attachment":[{"href":"https:\/\/dekkbi.com\/index.php?rest_route=%2Fwp%2Fv2%2Fmedia&parent=36767"}],"wp:term":[{"taxonomy":"category","embeddable":true,"href":"https:\/\/dekkbi.com\/index.php?rest_route=%2Fwp%2Fv2%2Fcategories&post=36767"},{"taxonomy":"post_tag","embeddable":true,"href":"https:\/\/dekkbi.com\/index.php?rest_route=%2Fwp%2Fv2%2Ftags&post=36767"}],"curies":[{"name":"wp","href":"https:\/\/api.w.org\/{rel}","templated":true}]}}