{"id":36747,"date":"2024-05-23T22:12:11","date_gmt":"2024-05-23T22:12:11","guid":{"rendered":"https:\/\/dekkbi.com\/?p=36747"},"modified":"2024-05-23T22:12:12","modified_gmt":"2024-05-23T22:12:12","slug":"loms-sur-le-theme-de-la-journee-sans-tabac-les-cigarettes-electroniques-et-les-sachets-de-nicotine-gagnent-en-popularite-aupres-des-jeunes","status":"publish","type":"post","link":"https:\/\/dekkbi.com\/?p=36747","title":{"rendered":"L\u2019Oms sur le th\u00e8me de la journ\u00e9e sans tabac : \u00abLes cigarettes \u00e9lectroniques et les sachets de nicotine gagnent en popularit\u00e9 aupr\u00e8s des jeunes\u00bb"},"content":{"rendered":"\n<p>\u00abProt\u00e9ger les enfants de l\u2019ing\u00e9rence de l\u2019industrie du tabac\u00bb, c\u2019est le th\u00e8me retenu par l\u2019Organisation mondiale de la sant\u00e9 (OMS) pour marquer la lutte contre le tabac, pour la c\u00e9l\u00e9bration de la Journ\u00e9e mondiale sans tabac cette ann\u00e9e, pr\u00e9vue le 31 mai prochain.  <\/p>\n\n\n\n<p>Pour l\u2019OMS, ce th\u00e8me de la Journ\u00e9e mondiale sans tabac 2024 est un plaidoyer pour que l\u2019on arr\u00eate de cibler la jeunesse avec des produits du tabac nocifs.\u00abLes jeunes, les d\u00e9cideurs politiques et les d\u00e9fenseurs de la lutte antitabac du monde entier se voient ainsi proposer un forum pour discuter de ce probl\u00e8me et exhorter les pouvoirs publics \u00e0 adopter des politiques qui prot\u00e8gent les jeunes contre les pratiques manipulatrices de l\u2019industrie du tabac et des industries connexes. <\/p>\n\n\n\n<p>Bien que le tabagisme ait diminu\u00e9 au fil des ans, gr\u00e2ce aux efforts ph\u00e9nom\u00e9naux d\u00e9ploy\u00e9s par les acteurs de la lutte antitabac, la protection de ces groupes vuln\u00e9rables n\u00e9cessite davantage d\u2019efforts\u00bb, a-t-on relev\u00e9 dans le communiqu\u00e9 de l\u2019OMS.Et le document d\u2019ajouter : \u00ables produits tels que les cigarettes \u00e9lectroniques et les sachets de nicotine gagnent en popularit\u00e9 aupr\u00e8s des jeunes.<\/p>\n\n\n\n<p> En 2022, selon les estimations, 12,5 % des adolescents de la R\u00e9gion europ\u00e9enne fumaient des cigarettes \u00e9lectroniques, contre 2 % des adultes. Dans certains pays de la R\u00e9gion, les taux d\u2019utilisation de la cigarette \u00e9lectronique chez les enfants d\u2019\u00e2ge scolaire sont 2 \u00e0 3 fois plus \u00e9lev\u00e9s que les taux de consommation de cigarettes\u00bb.<\/p>\n\n\n\n<p>D\u2019apr\u00e8s l\u2019OMS, l\u2019industrie du tabac vend d\u00e9lib\u00e9r\u00e9ment aux jeunes une \u00abd\u00e9pendance mortelle\u00bb. C\u2019est pourquoi la Journ\u00e9e mondiale sans tabac 2024 appelle les pouvoirs publics et la communaut\u00e9 de la lutte antitabac \u00e0 prot\u00e9ger les g\u00e9n\u00e9rations actuelles et futures et \u00e0 faire en sorte que l\u2019industrie du tabac soit tenue pour responsable des dommages qu\u2019elle cause.Ainsi, elle a avanc\u00e9 qu\u2019\u00e0 l\u2019\u00e9chelle mondiale, selon des donn\u00e9es de 2022, au moins 37 millions de jeunes gens de 13 \u00e0 15 ans consomment l\u2019une ou l\u2019autre forme de tabac. <\/p>\n\n\n\n<p>Dans la r\u00e9gion europ\u00e9enne de l\u2019OMS, 11,5% des gar\u00e7ons et 10,1% des filles de 13 \u00e0 15 ans consomment du tabac (4 millions).<\/p>\n\n\n\n<p>DDZ SUDQUOTIDIEN <\/p>\n","protected":false},"excerpt":{"rendered":"<p>\u00abProt\u00e9ger les enfants de l\u2019ing\u00e9rence de l\u2019industrie du tabac\u00bb, c\u2019est le th\u00e8me retenu par l\u2019Organisation mondiale de la sant\u00e9 (OMS)<\/p>\n","protected":false},"author":1,"featured_media":36748,"comment_status":"open","ping_status":"open","sticky":false,"template":"","format":"standard","meta":{"footnotes":""},"categories":[26],"tags":[],"class_list":["post-36747","post","type-post","status-publish","format-standard","has-post-thumbnail","hentry","category-fait-divers"],"_links":{"self":[{"href":"https:\/\/dekkbi.com\/index.php?rest_route=\/wp\/v2\/posts\/36747","targetHints":{"allow":["GET"]}}],"collection":[{"href":"https:\/\/dekkbi.com\/index.php?rest_route=\/wp\/v2\/posts"}],"about":[{"href":"https:\/\/dekkbi.com\/index.php?rest_route=\/wp\/v2\/types\/post"}],"author":[{"embeddable":true,"href":"https:\/\/dekkbi.com\/index.php?rest_route=\/wp\/v2\/users\/1"}],"replies":[{"embeddable":true,"href":"https:\/\/dekkbi.com\/index.php?rest_route=%2Fwp%2Fv2%2Fcomments&post=36747"}],"version-history":[{"count":1,"href":"https:\/\/dekkbi.com\/index.php?rest_route=\/wp\/v2\/posts\/36747\/revisions"}],"predecessor-version":[{"id":36749,"href":"https:\/\/dekkbi.com\/index.php?rest_route=\/wp\/v2\/posts\/36747\/revisions\/36749"}],"wp:featuredmedia":[{"embeddable":true,"href":"https:\/\/dekkbi.com\/index.php?rest_route=\/wp\/v2\/media\/36748"}],"wp:attachment":[{"href":"https:\/\/dekkbi.com\/index.php?rest_route=%2Fwp%2Fv2%2Fmedia&parent=36747"}],"wp:term":[{"taxonomy":"category","embeddable":true,"href":"https:\/\/dekkbi.com\/index.php?rest_route=%2Fwp%2Fv2%2Fcategories&post=36747"},{"taxonomy":"post_tag","embeddable":true,"href":"https:\/\/dekkbi.com\/index.php?rest_route=%2Fwp%2Fv2%2Ftags&post=36747"}],"curies":[{"name":"wp","href":"https:\/\/api.w.org\/{rel}","templated":true}]}}