{"id":36744,"date":"2024-05-23T20:29:59","date_gmt":"2024-05-23T20:29:59","guid":{"rendered":"https:\/\/dekkbi.com\/?p=36744"},"modified":"2024-05-23T20:30:03","modified_gmt":"2024-05-23T20:30:03","slug":"lespagne-lirlande-et-la-norvege-vont-reconnaitre-un-etat-palestinien","status":"publish","type":"post","link":"https:\/\/dekkbi.com\/?p=36744","title":{"rendered":"L&rsquo;Espagne, l&rsquo;Irlande et la Norv\u00e8ge vont reconna\u00eetre un \u00c9tat palestinien"},"content":{"rendered":"\n<p>L&rsquo;Espagne, l&rsquo;Irlande et la Norv\u00e8ge ont annonc\u00e9 ce mercredi 22 mai leur d\u00e9cision coordonn\u00e9e de reconna\u00eetre un \u00c9tat palestinien, dans l&rsquo;espoir d&rsquo;entra\u00eener d&rsquo;autres pays \u00e0 faire de m\u00eame, alors que la solution \u00e0 deux \u00c9tats est \u00ab<em>\u00a0en danger<\/em>\u00a0\u00bb, en pleine guerre \u00e0 Gaza.<\/p>\n\n\n\n<p>Le Premier ministre norv\u00e9gien Jonas Gahr Store a \u00e9t\u00e9 le premier \u00e0 annoncer cette reconnaissance \u00e0 la date du 28 mai, lan\u00e7ant par la m\u00eame occasion \u00ab un appel fort \u00bb \u00e0 l&rsquo;adresse d&rsquo;autres pays pour qu&rsquo;ils fassent de m\u00eame.<\/p>\n\n\n\n<p>Saluant un \u00ab jour historique \u00bb, son homologue irlandais Simon Harris a suivi peu de temps apr\u00e8s, tout comme le Premier ministre espagnol Pedro S\u00e1nchez, l&rsquo;une des voix les plus critiques envers l&rsquo;op\u00e9ration militaire lanc\u00e9e par Isra\u00ebl dans la bande de Gaza, en repr\u00e9sailles \u00e0 l&rsquo;attaque sans pr\u00e9c\u00e9dent du Hamas le 7 octobre en territoire isra\u00e9lien.<\/p>\n\n\n\n<p>\u00ab Le Premier ministre Netanyahu n&rsquo;a pas de projet de paix pour la Palestine \u00bb, a d\u00e9nonc\u00e9 devant les d\u00e9put\u00e9s le leader socialiste espagnol.Lutter contre le groupe terroriste Hamas est l\u00e9gitime et n\u00e9cessaire apr\u00e8s le 7 octobre, mais Netanyahu provoque tant de douleur, de destruction et de ranc\u0153ur \u00e0 Gaza et dans le reste de la Palestine que la solution \u00e0 deux \u00c9tats est en danger.<\/p>\n\n\n\n<p>La reconnaissance d&rsquo;un \u00c9tat palestinien par Madrid interviendra \u00e9galement le 28 mai, date du prochain Conseil des ministres, a pr\u00e9cis\u00e9 Pedro Sanchez.<\/p>\n\n\n\n<p>Haci\u00e9ndonos eco del sentir mayoritario del pueblo espa\u00f1ol, el pr\u00f3ximo martes 28 de mayo, Espa\u00f1a aprobar\u00e1 en Consejo de Ministros el reconocimiento del Estado de Palestina.Ha llegado la hora de pasar de las palabras a la acci\u00f3n.Por la paz, la justicia y la coherencia. pic.twitter.com\/OYhRleIdHE\u2014 Pedro S\u00e1nchez (@sanchezcastejon) May 22, 2024<\/p>\n\n\n\n<p>Nous devons faire tout ce qui est en notre pouvoir, en envoyant de l&rsquo;aide humanitaire, comme nous le faisons, en assistant les r\u00e9fugi\u00e9s et les personnes d\u00e9plac\u00e9es, comme nous le faisons, mais aussi en utilisant tous les leviers politiques \u00e0 notre disposition pour dire haut et fort que nous ne permettrons pas que la possibilit\u00e9 de deux \u00c9tats, qui est la seule solution juste et durable \u00e0 ce terrible conflit, soit d\u00e9truite par la force. <\/p>\n\n\n\n<p>Par cons\u00e9quent, Mesdames et Messieurs, je voudrais vous informer qu&rsquo;apr\u00e8s avoir atteint un consensus sur la d\u00e9cision entre les deux partis qui composent le gouvernement de coalition progressiste, et en \u00e9cho au sentiment majoritaire du peuple espagnol, le mardi 28 mai, l&rsquo;Espagne approuvera la reconnaissance de l&rsquo;\u00c9tat de Palestine au sein de son Conseil des ministres.<\/p>\n\n\n\n<p>SOURCE RFI<\/p>\n","protected":false},"excerpt":{"rendered":"<p>L&rsquo;Espagne, l&rsquo;Irlande et la Norv\u00e8ge ont annonc\u00e9 ce mercredi 22 mai leur d\u00e9cision coordonn\u00e9e de reconna\u00eetre un \u00c9tat palestinien, dans<\/p>\n","protected":false},"author":1,"featured_media":36745,"comment_status":"open","ping_status":"open","sticky":false,"template":"","format":"standard","meta":{"footnotes":""},"categories":[51],"tags":[],"class_list":["post-36744","post","type-post","status-publish","format-standard","has-post-thumbnail","hentry","category-general"],"_links":{"self":[{"href":"https:\/\/dekkbi.com\/index.php?rest_route=\/wp\/v2\/posts\/36744","targetHints":{"allow":["GET"]}}],"collection":[{"href":"https:\/\/dekkbi.com\/index.php?rest_route=\/wp\/v2\/posts"}],"about":[{"href":"https:\/\/dekkbi.com\/index.php?rest_route=\/wp\/v2\/types\/post"}],"author":[{"embeddable":true,"href":"https:\/\/dekkbi.com\/index.php?rest_route=\/wp\/v2\/users\/1"}],"replies":[{"embeddable":true,"href":"https:\/\/dekkbi.com\/index.php?rest_route=%2Fwp%2Fv2%2Fcomments&post=36744"}],"version-history":[{"count":1,"href":"https:\/\/dekkbi.com\/index.php?rest_route=\/wp\/v2\/posts\/36744\/revisions"}],"predecessor-version":[{"id":36746,"href":"https:\/\/dekkbi.com\/index.php?rest_route=\/wp\/v2\/posts\/36744\/revisions\/36746"}],"wp:featuredmedia":[{"embeddable":true,"href":"https:\/\/dekkbi.com\/index.php?rest_route=\/wp\/v2\/media\/36745"}],"wp:attachment":[{"href":"https:\/\/dekkbi.com\/index.php?rest_route=%2Fwp%2Fv2%2Fmedia&parent=36744"}],"wp:term":[{"taxonomy":"category","embeddable":true,"href":"https:\/\/dekkbi.com\/index.php?rest_route=%2Fwp%2Fv2%2Fcategories&post=36744"},{"taxonomy":"post_tag","embeddable":true,"href":"https:\/\/dekkbi.com\/index.php?rest_route=%2Fwp%2Fv2%2Ftags&post=36744"}],"curies":[{"name":"wp","href":"https:\/\/api.w.org\/{rel}","templated":true}]}}