{"id":3673,"date":"2022-11-22T15:34:43","date_gmt":"2022-11-22T15:34:43","guid":{"rendered":"https:\/\/dekkbi.com\/?p=3673"},"modified":"2022-11-22T15:48:32","modified_gmt":"2022-11-22T15:48:32","slug":"poutine-et-son-homologue-cubain-saffichent-unis-face-a-lempire-yankee","status":"publish","type":"post","link":"https:\/\/dekkbi.com\/?p=3673","title":{"rendered":"Poutine et son homologue cubain Dia z-Canel s&rsquo;affichent unis face \u00e0 l\u2019\u201cempire yankee\u201d"},"content":{"rendered":"\n<p>Le pr\u00e9sident russe Vladimir Poutine et son homologue cubain Miguel Diaz-Canel, en visite \u00e0 Moscou, ont affich\u00e9 mardi un front uni face \u00e0 l'\u00a0\u00bbempire yankee\u00a0\u00bb, les \u00c9tats-Unis, que l&rsquo;homme fort de La Havane a qualifi\u00e9 d'\u00a0\u00bbennemi commun\u00a0\u00bb.<\/p>\n\n\n\n<p>M. Diaz-Canel est l&rsquo;un des rares dirigeants \u00e9trangers \u00e0 avoir fait le d\u00e9placement en Russie depuis le d\u00e9but en f\u00e9vrier de l&rsquo;offensive de Moscou contre l&rsquo;Ukraine, vivement condamn\u00e9e \u00e0 travers le monde.<\/p>\n\n\n\n<p>Et les d\u00e9clarations des deux dirigeants avaient des accents rappelant l&rsquo;\u00e9poque de la guerre froide, lorsque Cuba \u00e9tait au coeur de l&rsquo;affrontement entre les Am\u00e9ricains et les Sovi\u00e9tiques.<\/p>\n\n\n\n<p>\u00ab\u00a0L&rsquo;Union sovi\u00e9tique, (puis) la Russie ont toujours soutenu le peuple cubain dans sa lutte pour l&rsquo;ind\u00e9pendance, pour sa souverainet\u00e9\u00a0\u00bb, a d\u00e9clar\u00e9 M. Poutine \u00e0 M. Diaz-Canel, au d\u00e9but d&rsquo;un entretien bilat\u00e9ral retransmis \u00e0 la t\u00e9l\u00e9vision.<\/p>\n\n\n\n<p>\u00ab\u00a0Elles se sont toujours oppos\u00e9es \u00e0 divers types de restrictions, d&#8217;embargo, de blocus\u00a0\u00bb, a-t-il ajout\u00e9, alors que Moscou est la cible de lourdes sanctions internationales depuis fin f\u00e9vrier et le d\u00e9but de son offensive militaire en Ukraine.<\/p>\n\n\n\n<p>Le pr\u00e9sident russe s&rsquo;est f\u00e9licit\u00e9 de \u00ab\u00a0voir Cuba adopter la m\u00eame position (aujourd&rsquo;hui) envers notre pays\u00a0\u00bb.<\/p>\n\n\n\n<h2 class=\"wp-block-heading\">Inauguration d&rsquo;une statue de Fidel Castro<\/h2>\n\n\n\n<p>Les deux dirigeants ont aussi inaugur\u00e9 \u00e0 Moscou une statue du r\u00e9volutionnaire Fidel Castro, qui a dirig\u00e9 Cuba pendant pr\u00e8s de 50 ans et est d\u00e9c\u00e9d\u00e9 en 2016.<\/p>\n\n\n\n<p>M. Poutine a salu\u00e9 \u00ab\u00a0une personne brillante\u00a0\u00bb qui \u00ab\u00a0\u00e9tait capable d&rsquo;analyser tout ce qui se passait dans le monde\u00a0\u00bb.<br>M. Diaz-Canel, au pouvoir lui depuis 2019, a de son c\u00f4t\u00e9 d\u00e9plor\u00e9 l'\u00a0\u00bbimp\u00e9rialisme\u00a0\u00bb am\u00e9ricain que M. Castro avait toujours honni.<\/p>\n\n\n\n<p>\u00ab\u00a0La Russie et Cuba sont soumis \u00e0 des sanctions injustes et arbitraires qui se poursuivent, et (les deux pays) ont un ennemi commun, l&#8217;empire yankee qui manipule une grande partie du monde\u00a0\u00bb, a-t-il d\u00e9plor\u00e9.<\/p>\n\n\n\n<p>\u00ab\u00a0Le monde doit se demander: pourquoi on nous impose des r\u00e8gles ? Qui impose ces r\u00e8gles?\u00a0\u00bb, a-t-il lanc\u00e9, pointant directement du doigt les \u00c9tats-Unis, alli\u00e9 diplomatique et militaire de Kiev contre Moscou depuis f\u00e9vrier.<\/p>\n\n\n\n<p>Malgr\u00e9 la relative d\u00e9tente entre Washington et La Havane ces derni\u00e8res ann\u00e9es, leurs relations restent marqu\u00e9es par des diff\u00e9rends profonds, notamment sur la question migratoire.<\/p>\n\n\n\n<p>M. Diaz-Canel a entam\u00e9 la semaine derni\u00e8re une tourn\u00e9e d&rsquo;une dizaine de jours en Alg\u00e9rie, Russie, Turquie et Chine, afin de renforcer le secteur \u00e9nerg\u00e9tique de l&rsquo;\u00eele, qui souffre de pannes de courant prolong\u00e9es et de p\u00e9nuries de carburant r\u00e9currentes.<\/p>\n","protected":false},"excerpt":{"rendered":"<p>Le pr\u00e9sident russe Vladimir Poutine et son homologue cubain Miguel Diaz-Canel, en visite \u00e0 Moscou, ont affich\u00e9 mardi un front<\/p>\n","protected":false},"author":1,"featured_media":3674,"comment_status":"open","ping_status":"open","sticky":false,"template":"","format":"standard","meta":{"footnotes":""},"categories":[51],"tags":[],"class_list":["post-3673","post","type-post","status-publish","format-standard","has-post-thumbnail","hentry","category-general"],"_links":{"self":[{"href":"https:\/\/dekkbi.com\/index.php?rest_route=\/wp\/v2\/posts\/3673","targetHints":{"allow":["GET"]}}],"collection":[{"href":"https:\/\/dekkbi.com\/index.php?rest_route=\/wp\/v2\/posts"}],"about":[{"href":"https:\/\/dekkbi.com\/index.php?rest_route=\/wp\/v2\/types\/post"}],"author":[{"embeddable":true,"href":"https:\/\/dekkbi.com\/index.php?rest_route=\/wp\/v2\/users\/1"}],"replies":[{"embeddable":true,"href":"https:\/\/dekkbi.com\/index.php?rest_route=%2Fwp%2Fv2%2Fcomments&post=3673"}],"version-history":[{"count":3,"href":"https:\/\/dekkbi.com\/index.php?rest_route=\/wp\/v2\/posts\/3673\/revisions"}],"predecessor-version":[{"id":3681,"href":"https:\/\/dekkbi.com\/index.php?rest_route=\/wp\/v2\/posts\/3673\/revisions\/3681"}],"wp:featuredmedia":[{"embeddable":true,"href":"https:\/\/dekkbi.com\/index.php?rest_route=\/wp\/v2\/media\/3674"}],"wp:attachment":[{"href":"https:\/\/dekkbi.com\/index.php?rest_route=%2Fwp%2Fv2%2Fmedia&parent=3673"}],"wp:term":[{"taxonomy":"category","embeddable":true,"href":"https:\/\/dekkbi.com\/index.php?rest_route=%2Fwp%2Fv2%2Fcategories&post=3673"},{"taxonomy":"post_tag","embeddable":true,"href":"https:\/\/dekkbi.com\/index.php?rest_route=%2Fwp%2Fv2%2Ftags&post=3673"}],"curies":[{"name":"wp","href":"https:\/\/api.w.org\/{rel}","templated":true}]}}