{"id":36655,"date":"2024-05-21T19:23:02","date_gmt":"2024-05-21T19:23:02","guid":{"rendered":"https:\/\/dekkbi.com\/?p=36655"},"modified":"2024-05-21T19:23:02","modified_gmt":"2024-05-21T19:23:02","slug":"affaire-bah-diakhate-ce-que-seydi-gassama-demande-a-sonko-et-diomaye","status":"publish","type":"post","link":"https:\/\/dekkbi.com\/?p=36655","title":{"rendered":"Affaire Bah Diakhat\u00e9 : Ce que Seydi Gassama demande \u00e0 Sonko et Diomaye"},"content":{"rendered":"\n<p>Seydi Gassama s\u2019est exprim\u00e9 sur l\u2019arrestation de Bah Diakhat\u00e9 ce mardi. Le patron de la section s\u00e9n\u00e9galaise d\u2019Amnesty International, qui estime que les propos du mis en cause sont graves, a, cependant, lanc\u00e9 un message aux nouveaux gouvernants.<\/p>\n\n\n\n<p>\u00abNous avons \u00e9cout\u00e9 les propos qu\u2019il a tenus \u00e0 l\u2019encontre du premier ministre. Des propos graves qu\u2019on peut consid\u00e9rer comme diffamatoires. <\/p>\n\n\n\n<p>Mais notre position en tant qu\u2019organisation des droits humains, par rapport \u00e0 ces infractions n\u2019a pas chang\u00e9. Cette position est fond\u00e9e sur le droit international, sur les d\u00e9cisions rendues par les juridictions r\u00e9gionales et sous-r\u00e9gionales comme la Cour de Justice de la Cedeao et la Cour africaine des Droits de l\u2019homme, qui demandent \u00e0 ce que les peines de prison, pour ces infractions, qui portent sur  l\u2019honorabilit\u00e9 des personnes (diffamation, injures publiques), soient d\u00e9p\u00e9nalis\u00e9s.<\/p>\n\n\n\n<p> Qu\u2019on ne puisse plus envoyer des personnes en prison pour ces d\u00e9lits. Donc nous demandons que ces d\u00e9lits soient d\u00e9p\u00e9nalis\u00e9s et que Bah Diakhat\u00e9 Soit remis en libert\u00e9. <\/p>\n\n\n\n<p>Qu\u2019on ne puisse pas l\u2019envoyer en prison parce qu\u2019il a commis un acte diffamatoire. M\u00eame si nous estimons qu\u2019il s\u2019agit d\u2019un acte extr\u00eamement grave qui ne peut pas \u00eatre accept\u00e9 dans une soci\u00e9t\u00e9 civilis\u00e9e. <\/p>\n\n\n\n<p>Nous l\u2019avons d\u00e9j\u00e0 dit aux autorit\u00e9s de ce pays, qu\u2019elles doivent \u00e9viter \u00e0 tout prix  de tomber dans les m\u00eames pi\u00e8ges que le r\u00e9gime  pr\u00e9c\u00e9dent. <\/p>\n\n\n\n<p>\u00c0 savoir arr\u00eater et emprisonner syst\u00e9matiquement toutes les personnes qui commettent les d\u00e9lits li\u00e9s \u00e0 la libert\u00e9 d\u2019expression.\u00bb<\/p>\n\n\n\n<p>SOURCE IGFM<\/p>\n","protected":false},"excerpt":{"rendered":"<p>Seydi Gassama s\u2019est exprim\u00e9 sur l\u2019arrestation de Bah Diakhat\u00e9 ce mardi. Le patron de la section s\u00e9n\u00e9galaise d\u2019Amnesty International, qui<\/p>\n","protected":false},"author":1,"featured_media":36656,"comment_status":"open","ping_status":"open","sticky":false,"template":"","format":"standard","meta":{"footnotes":""},"categories":[21],"tags":[],"class_list":["post-36655","post","type-post","status-publish","format-standard","has-post-thumbnail","hentry","category-societe"],"_links":{"self":[{"href":"https:\/\/dekkbi.com\/index.php?rest_route=\/wp\/v2\/posts\/36655","targetHints":{"allow":["GET"]}}],"collection":[{"href":"https:\/\/dekkbi.com\/index.php?rest_route=\/wp\/v2\/posts"}],"about":[{"href":"https:\/\/dekkbi.com\/index.php?rest_route=\/wp\/v2\/types\/post"}],"author":[{"embeddable":true,"href":"https:\/\/dekkbi.com\/index.php?rest_route=\/wp\/v2\/users\/1"}],"replies":[{"embeddable":true,"href":"https:\/\/dekkbi.com\/index.php?rest_route=%2Fwp%2Fv2%2Fcomments&post=36655"}],"version-history":[{"count":1,"href":"https:\/\/dekkbi.com\/index.php?rest_route=\/wp\/v2\/posts\/36655\/revisions"}],"predecessor-version":[{"id":36657,"href":"https:\/\/dekkbi.com\/index.php?rest_route=\/wp\/v2\/posts\/36655\/revisions\/36657"}],"wp:featuredmedia":[{"embeddable":true,"href":"https:\/\/dekkbi.com\/index.php?rest_route=\/wp\/v2\/media\/36656"}],"wp:attachment":[{"href":"https:\/\/dekkbi.com\/index.php?rest_route=%2Fwp%2Fv2%2Fmedia&parent=36655"}],"wp:term":[{"taxonomy":"category","embeddable":true,"href":"https:\/\/dekkbi.com\/index.php?rest_route=%2Fwp%2Fv2%2Fcategories&post=36655"},{"taxonomy":"post_tag","embeddable":true,"href":"https:\/\/dekkbi.com\/index.php?rest_route=%2Fwp%2Fv2%2Ftags&post=36655"}],"curies":[{"name":"wp","href":"https:\/\/api.w.org\/{rel}","templated":true}]}}