{"id":36640,"date":"2024-05-21T19:02:02","date_gmt":"2024-05-21T19:02:02","guid":{"rendered":"https:\/\/dekkbi.com\/?p=36640"},"modified":"2024-05-21T20:28:58","modified_gmt":"2024-05-21T20:28:58","slug":"deces-du-president-raissi-cest-une-grosse-perte-pour-les-peuples-opprimes-selon-lambassadeur-iranien-au-senegal","status":"publish","type":"post","link":"https:\/\/dekkbi.com\/?p=36640","title":{"rendered":"D\u00e9c\u00e8s du pr\u00e9sident Ra\u00efssi : \u00ab C\u2019est une grosse perte pour les peuples opprim\u00e9s \u00bb, selon l&rsquo;Ambassadeur iranien au S\u00e9n\u00e9gal"},"content":{"rendered":"\n<p>Deux jours apr\u00e8s le d\u00e9c\u00e8s tragique du pr\u00e9sident iranien Ebrahim Ra\u00efssi, victime d&rsquo;un accident d&rsquo;h\u00e9licopt\u00e8re, l&rsquo;ambassadeur de la R\u00e9publique Islamique d&rsquo;Iran au S\u00e9n\u00e9gal, Hassan Asgari, a tenu une conf\u00e9rence de presse \u00e0 Dakar pour r\u00e9pondre aux questions des m\u00e9dias locaux et internationaux. <\/p>\n\n\n\n<p>Tout d&rsquo;abord, l&rsquo;ambassadeur a d\u00e9clar\u00e9 : \u00ab\u00a0C&rsquo;est normal qu&rsquo;une enqu\u00eate soit ouverte. Il ya beaucoup de param\u00e8tres \u00e0 tenir en compte dont les conditions m\u00e9trologiques. Pour l&rsquo;instant nous sommes concentr\u00e9s sur les fun\u00e9railles.\u00a0\u00bb  <\/p>\n\n\n\n<p>Poursuivant, le diplomate iranien a ajout\u00e9 que cet \u00e9v\u00e9nement qui a frapp\u00e9 son pays \u00ab\u00a0fait partie de nos histoires les plus sombres. Nous avons perdus notre pr\u00e9sident de la r\u00e9publique, le ministre des affaires \u00e9trang\u00e8res et beaucoup d&rsquo;autorit\u00e9s.<\/p>\n\n\n\n<p> Il y a juste deux semaines nous \u00e9tions en Gambie avec le ministre des affaires \u00e9trang\u00e8res pour les besoin de l&rsquo;OCI, nous avions pass\u00e9 des moments m\u00e9morables. C&rsquo;est difficile pour tout le peuple iranien et moi-m\u00eame.<\/p>\n\n\n\n<p> C&rsquo;est une trag\u00e9die dans l&rsquo;histoire de la r\u00e9publique d&rsquo;Iran et pour toute la Oumah musulmane. C&rsquo;est une grosse perte pour les peuples opprim\u00e9s. <\/p>\n\n\n\n<p>Les peuples qui ont besoin d&rsquo;aide. Comme le souhaitait feu notre pr\u00e9sident de la r\u00e9publique, la politique de la d&rsquo;Iran est tourn\u00e9 vers l&rsquo;Afrique et nous allons continuer \u00e0 \u0153uvrer dans ce sens avec tout le continent africain.\u00a0\u00bb<\/p>\n\n\n\n<p> Pour assurer une continuit\u00e9 de la gestion du pays, l&rsquo;ambassadeur a fait savoir : \u00ab\u00a0Ce lundi, le vice-pr\u00e9sident iranien a \u00e9t\u00e9 nomm\u00e9 en tant que pr\u00e9sident par int\u00e9rim. D&rsquo;ici 50 jours nous aurons une \u00e9lection pr\u00e9sidentielle&#8230; <\/p>\n\n\n\n<p>Le travail continue il n&rsquo;y a pas de rupture.\u00a0\u00bb  Pour les obs\u00e8ques du pr\u00e9sident iranien, une c\u00e9r\u00e9monie officielle d&rsquo;hommage est pr\u00e9vue ce mercredi \u00e0 T\u00e9h\u00e9ran. Bien que le pr\u00e9sident s\u00e9n\u00e9galais, Bassirou Diomaye Faye, ne puisse y assister, le chef d&rsquo;\u00c9tat a adress\u00e9 ses plus sinc\u00e8res condol\u00e9ances au peuple iranien.<\/p>\n\n\n\n<p><\/p>\n","protected":false},"excerpt":{"rendered":"<p>Deux jours apr\u00e8s le d\u00e9c\u00e8s tragique du pr\u00e9sident iranien Ebrahim Ra\u00efssi, victime d&rsquo;un accident d&rsquo;h\u00e9licopt\u00e8re, l&rsquo;ambassadeur de la R\u00e9publique Islamique<\/p>\n","protected":false},"author":1,"featured_media":36641,"comment_status":"open","ping_status":"open","sticky":false,"template":"","format":"standard","meta":{"footnotes":""},"categories":[21],"tags":[],"class_list":["post-36640","post","type-post","status-publish","format-standard","has-post-thumbnail","hentry","category-societe"],"_links":{"self":[{"href":"https:\/\/dekkbi.com\/index.php?rest_route=\/wp\/v2\/posts\/36640","targetHints":{"allow":["GET"]}}],"collection":[{"href":"https:\/\/dekkbi.com\/index.php?rest_route=\/wp\/v2\/posts"}],"about":[{"href":"https:\/\/dekkbi.com\/index.php?rest_route=\/wp\/v2\/types\/post"}],"author":[{"embeddable":true,"href":"https:\/\/dekkbi.com\/index.php?rest_route=\/wp\/v2\/users\/1"}],"replies":[{"embeddable":true,"href":"https:\/\/dekkbi.com\/index.php?rest_route=%2Fwp%2Fv2%2Fcomments&post=36640"}],"version-history":[{"count":1,"href":"https:\/\/dekkbi.com\/index.php?rest_route=\/wp\/v2\/posts\/36640\/revisions"}],"predecessor-version":[{"id":36642,"href":"https:\/\/dekkbi.com\/index.php?rest_route=\/wp\/v2\/posts\/36640\/revisions\/36642"}],"wp:featuredmedia":[{"embeddable":true,"href":"https:\/\/dekkbi.com\/index.php?rest_route=\/wp\/v2\/media\/36641"}],"wp:attachment":[{"href":"https:\/\/dekkbi.com\/index.php?rest_route=%2Fwp%2Fv2%2Fmedia&parent=36640"}],"wp:term":[{"taxonomy":"category","embeddable":true,"href":"https:\/\/dekkbi.com\/index.php?rest_route=%2Fwp%2Fv2%2Fcategories&post=36640"},{"taxonomy":"post_tag","embeddable":true,"href":"https:\/\/dekkbi.com\/index.php?rest_route=%2Fwp%2Fv2%2Ftags&post=36640"}],"curies":[{"name":"wp","href":"https:\/\/api.w.org\/{rel}","templated":true}]}}