{"id":36613,"date":"2024-05-20T12:45:17","date_gmt":"2024-05-20T12:45:17","guid":{"rendered":"https:\/\/dekkbi.com\/?p=36613"},"modified":"2024-05-20T12:45:18","modified_gmt":"2024-05-20T12:45:18","slug":"hommage-a-henri-konan-bedie-en-cote-divoire-debut-des-ceremonies-a-la-residence-de-cocody","status":"publish","type":"post","link":"https:\/\/dekkbi.com\/?p=36613","title":{"rendered":"Hommage \u00e0 Henri Konan B\u00e9di\u00e9 en C\u00f4te d&rsquo;Ivoire: d\u00e9but des c\u00e9r\u00e9monies \u00e0 la r\u00e9sidence de Cocody"},"content":{"rendered":"\n<p>En C\u00f4te d\u2019Ivoire, les obs\u00e8ques de l\u2019ancien pr\u00e9sident Henri Konan B\u00e9di\u00e9 ont d\u00e9but\u00e9 dimanche soir, 19 mai, \u00e0 Abidjan. Des fun\u00e9railles qui interviennent dix mois apr\u00e8s son d\u00e9c\u00e8s le 1\u1d49\u02b3 aout dernier \u00e0 l\u2019\u00e2ge de 89 ans. La pr\u00e9sentation des condol\u00e9ances \u00e0 la r\u00e9sidence familiale constitue la premi\u00e8re \u00e9tape de deux semaines d\u2019hommage national.<\/p>\n\n\n\n<p>avec notre correspondant \u00e0 Abidjan, Abdoul Aziz Diallo  RFI<\/p>\n\n\n\n<p>Personnalit\u00e9s politiques, pr\u00e9sidents d\u2019institutions et membres du gouvernement sont venus exprimer leur compassion \u00e0 la famille \u00e9plor\u00e9e. Bien avant d\u2019acc\u00e9der \u00e0 la magistrature supr\u00eame en C\u00f4te d&rsquo;Ivoire, Henri Konan B\u00e9di\u00e9 a dirig\u00e9 l\u2019Assembl\u00e9e nationale durant treize ans.<\/p>\n","protected":false},"excerpt":{"rendered":"<p>En C\u00f4te d\u2019Ivoire, les obs\u00e8ques de l\u2019ancien pr\u00e9sident Henri Konan B\u00e9di\u00e9 ont d\u00e9but\u00e9 dimanche soir, 19 mai, \u00e0 Abidjan. Des<\/p>\n","protected":false},"author":1,"featured_media":36614,"comment_status":"open","ping_status":"open","sticky":false,"template":"","format":"standard","meta":{"footnotes":""},"categories":[21],"tags":[],"class_list":["post-36613","post","type-post","status-publish","format-standard","has-post-thumbnail","hentry","category-societe"],"_links":{"self":[{"href":"https:\/\/dekkbi.com\/index.php?rest_route=\/wp\/v2\/posts\/36613","targetHints":{"allow":["GET"]}}],"collection":[{"href":"https:\/\/dekkbi.com\/index.php?rest_route=\/wp\/v2\/posts"}],"about":[{"href":"https:\/\/dekkbi.com\/index.php?rest_route=\/wp\/v2\/types\/post"}],"author":[{"embeddable":true,"href":"https:\/\/dekkbi.com\/index.php?rest_route=\/wp\/v2\/users\/1"}],"replies":[{"embeddable":true,"href":"https:\/\/dekkbi.com\/index.php?rest_route=%2Fwp%2Fv2%2Fcomments&post=36613"}],"version-history":[{"count":1,"href":"https:\/\/dekkbi.com\/index.php?rest_route=\/wp\/v2\/posts\/36613\/revisions"}],"predecessor-version":[{"id":36615,"href":"https:\/\/dekkbi.com\/index.php?rest_route=\/wp\/v2\/posts\/36613\/revisions\/36615"}],"wp:featuredmedia":[{"embeddable":true,"href":"https:\/\/dekkbi.com\/index.php?rest_route=\/wp\/v2\/media\/36614"}],"wp:attachment":[{"href":"https:\/\/dekkbi.com\/index.php?rest_route=%2Fwp%2Fv2%2Fmedia&parent=36613"}],"wp:term":[{"taxonomy":"category","embeddable":true,"href":"https:\/\/dekkbi.com\/index.php?rest_route=%2Fwp%2Fv2%2Fcategories&post=36613"},{"taxonomy":"post_tag","embeddable":true,"href":"https:\/\/dekkbi.com\/index.php?rest_route=%2Fwp%2Fv2%2Ftags&post=36613"}],"curies":[{"name":"wp","href":"https:\/\/api.w.org\/{rel}","templated":true}]}}