{"id":36609,"date":"2024-05-20T12:15:21","date_gmt":"2024-05-20T12:15:21","guid":{"rendered":"https:\/\/dekkbi.com\/?p=36609"},"modified":"2024-05-20T12:15:22","modified_gmt":"2024-05-20T12:15:22","slug":"afrique-du-sud-lex-president-jacob-zuma-declare-ineligible-et-exclu-des-elections-generales","status":"publish","type":"post","link":"https:\/\/dekkbi.com\/?p=36609","title":{"rendered":"Afrique du Sud: l&rsquo;ex-pr\u00e9sident Jacob Zuma d\u00e9clar\u00e9 in\u00e9ligible et exclu des \u00e9lections g\u00e9n\u00e9rales"},"content":{"rendered":"\n<p>La Cour constitutionnelle, plus haute juridiction d&rsquo;Afrique du Sud, a d\u00e9clar\u00e9 ce 20 mai 2024 l&rsquo;ex-pr\u00e9sident Jacob Zuma (2009-2018) in\u00e9ligible en raison d&rsquo;une condamnation \u00e0 la prison en 2021, et prononc\u00e9 son exclusion des \u00e9lections g\u00e9n\u00e9rales pr\u00e9vues le 29 mai. <\/p>\n\n\n\n<p>\u00ab\u00a0<em>M. Zuma a \u00e9t\u00e9 reconnu coupable d&rsquo;une infraction et condamn\u00e9 \u00e0 une peine d&#8217;emprisonnement de plus de 12 mois\u00a0<\/em>\u00bb, a d\u00e9clar\u00e9 la juge Leona Theron \u00e0 la lecture de la d\u00e9cision, qui peut faire l&rsquo;objet d&rsquo;un appel. \u00ab\u00a0<em>Par cons\u00e9quent, il ne peut \u00eatre membre de l&rsquo;Assembl\u00e9e nationale et ne peut se pr\u00e9senter aux \u00e9lections<\/em>\u00a0\u00bb, a-t-elle ajout\u00e9.<\/p>\n\n\n\n<p>Avec notre correspondante \u00e0 Johannesburg, Claire Bargel\u00e8s &#8211; RFI<\/p>\n\n\n\n<p>En Afrique du Sud, Jacob Zuma est priv\u00e9 de candidature pour les \u00e9lections g\u00e9n\u00e9rales : l\u2019ancien pr\u00e9sident comptait se pr\u00e9senter, lors du scrutin pr\u00e9vu le 29 mai 2024, afin de tenter de remporter un si\u00e8ge de parlementaire, \u00e0 la t\u00eate du parti r\u00e9cemment cr\u00e9\u00e9, le uMkhonto we Sizwe (MK).La Cour constitutionnelle, la plus haute juridiction du pays, a finalement prononc\u00e9 ce 20 mai 2024 l\u2019in\u00e9ligibilit\u00e9 de Jacob Zuma, \u00e0 cause d\u2019une peine de prison re\u00e7ue en 2021.<\/p>\n\n\n\n<p>Une d\u00e9cision annonc\u00e9e en l\u2019absence de Jacob ZumaLa Cour consid\u00e8re que sa condamnation \u00e0 15 mois de prison, re\u00e7ue pour outrage \u00e0 la justice il y a trois ans, l\u2019emp\u00eache, selon la Constitution, d\u2019\u00eatre candidat pour un poste de parlementaire jusqu\u2019en 2026. Et ce, m\u00eame s\u2019il n\u2019en a effectu\u00e9 qu\u2019une petite partie, pour raison m\u00e9dicale, et qu\u2019il a ensuite obtenu une remise de peine.<\/p>\n\n\n\n<p>Sur les bancs de la Cour, pas de trace de l\u2019homme de 82 ans : c\u2019est le Secr\u00e9taire g\u00e9n\u00e9ral du MK qui s\u2019est exprim\u00e9 \u00e0 la sortie, regrettant cette d\u00e9cision, mais pr\u00e9cisant que Jacob Zuma restait bien le chef du parti. Et d\u2019ailleurs, \u00e0 ce titre, son visage devrait toujours apparaitre sur les bulletins de vote, lors des \u00e9lections g\u00e9n\u00e9rales.<\/p>\n","protected":false},"excerpt":{"rendered":"<p>La Cour constitutionnelle, plus haute juridiction d&rsquo;Afrique du Sud, a d\u00e9clar\u00e9 ce 20 mai 2024 l&rsquo;ex-pr\u00e9sident Jacob Zuma (2009-2018) in\u00e9ligible<\/p>\n","protected":false},"author":1,"featured_media":3660,"comment_status":"open","ping_status":"open","sticky":false,"template":"","format":"standard","meta":{"footnotes":""},"categories":[6],"tags":[],"class_list":["post-36609","post","type-post","status-publish","format-standard","has-post-thumbnail","hentry","category-politics"],"_links":{"self":[{"href":"https:\/\/dekkbi.com\/index.php?rest_route=\/wp\/v2\/posts\/36609","targetHints":{"allow":["GET"]}}],"collection":[{"href":"https:\/\/dekkbi.com\/index.php?rest_route=\/wp\/v2\/posts"}],"about":[{"href":"https:\/\/dekkbi.com\/index.php?rest_route=\/wp\/v2\/types\/post"}],"author":[{"embeddable":true,"href":"https:\/\/dekkbi.com\/index.php?rest_route=\/wp\/v2\/users\/1"}],"replies":[{"embeddable":true,"href":"https:\/\/dekkbi.com\/index.php?rest_route=%2Fwp%2Fv2%2Fcomments&post=36609"}],"version-history":[{"count":1,"href":"https:\/\/dekkbi.com\/index.php?rest_route=\/wp\/v2\/posts\/36609\/revisions"}],"predecessor-version":[{"id":36610,"href":"https:\/\/dekkbi.com\/index.php?rest_route=\/wp\/v2\/posts\/36609\/revisions\/36610"}],"wp:featuredmedia":[{"embeddable":true,"href":"https:\/\/dekkbi.com\/index.php?rest_route=\/wp\/v2\/media\/3660"}],"wp:attachment":[{"href":"https:\/\/dekkbi.com\/index.php?rest_route=%2Fwp%2Fv2%2Fmedia&parent=36609"}],"wp:term":[{"taxonomy":"category","embeddable":true,"href":"https:\/\/dekkbi.com\/index.php?rest_route=%2Fwp%2Fv2%2Fcategories&post=36609"},{"taxonomy":"post_tag","embeddable":true,"href":"https:\/\/dekkbi.com\/index.php?rest_route=%2Fwp%2Fv2%2Ftags&post=36609"}],"curies":[{"name":"wp","href":"https:\/\/api.w.org\/{rel}","templated":true}]}}