{"id":36575,"date":"2024-05-20T11:18:30","date_gmt":"2024-05-20T11:18:30","guid":{"rendered":"https:\/\/dekkbi.com\/?p=36575"},"modified":"2024-05-20T11:18:30","modified_gmt":"2024-05-20T11:18:30","slug":"le-president-iranien-est-mort-ebrahim-raissi-a-perdu-la-vie-dans-laccident-de-son-helicoptere-confirme-le-vice-president-mohsen-mansouri","status":"publish","type":"post","link":"https:\/\/dekkbi.com\/?p=36575","title":{"rendered":"Le pr\u00e9sident iranien est mort : Ebrahim Ra\u00efssi a perdu la vie dans l\u2019accident de son h\u00e9licopt\u00e8re, confirme le vice-pr\u00e9sident Mohsen Mansouri"},"content":{"rendered":"\n<p>(La d\u00e9p\u00eache.fr)-  Les secours iraniens ont r\u00e9cup\u00e9r\u00e9 le 20 mai les d\u00e9pouilles du pr\u00e9sident iranien Ebrahim Ra\u00efssi et des huit autres passagers de l\u2019h\u00e9licopt\u00e8re qui s\u2019est \u00e9cras\u00e9 la veille dans le nord-ouest du pays, a annonc\u00e9 le Croissant Rouge. <\/p>\n\n\n\n<p>Le gouvernement a confirm\u00e9 son d\u00e9c\u00e8s.Lundi matin, les d\u00e9pouilles du pr\u00e9sident iranien Ebrahim Ra\u00efssi et des huit autres passagers de l\u2019h\u00e9licopt\u00e8re qui s\u2019est \u00e9cras\u00e9 la veille dans le nord-ouest du pays ont \u00e9t\u00e9 r\u00e9cup\u00e9r\u00e9s par les secours iraniens, a annonc\u00e9 le Croissant Rouge.<\/p>\n\n\n\n<p>Fin des recherches\u00ab Nous sommes en train de transf\u00e9rer les corps des martyrs \u00e0 Tabriz \u00bb, la grande ville du nord-ouest, a d\u00e9clar\u00e9 \u00e0 la t\u00e9l\u00e9vision d\u2019Etat le chef du Croissant Rouge, Pirhossein Koulivand, en annon\u00e7ant la fin des op\u00e9rations de recherche.<\/p>\n\n\n\n<p>La mort du pr\u00e9sident iranien Ebrahim Ra\u00efssi dans l\u2019accident de son h\u00e9licopt\u00e8re survenu dimanche a \u00e9t\u00e9 confirm\u00e9e ce lundi 20 mai. <\/p>\n\n\n\n<p>Son ministre des Affaires \u00e9trang\u00e8res Hossein Amir-Abdollahian, pr\u00e9sent dans l\u2019appareil \u00e0 ses c\u00f4t\u00e9s, a \u00e9galement perdu la vie. L\u2019information a \u00e9t\u00e9 communiqu\u00e9e par plusieurs m\u00e9dias, avant d\u2019\u00eatre confirm\u00e9e par le gouvernement iranien.<\/p>\n\n\n\n<p>L\u2019h\u00e9licopt\u00e8re qui transportait le pr\u00e9sident et le ministre des Affaires \u00e9trang\u00e8res iraniens a \u00e9t\u00e9 localis\u00e9 sur une montagne du nord-ouest de l\u2019Iran, ont annonc\u00e9 les secours. Il avait disparu dimanche en d\u00e9but d\u2019apr\u00e8s-midi alors qu\u2019il survolait une r\u00e9gion escarp\u00e9e et bois\u00e9e dans des conditions m\u00e9t\u00e9orologiques difficiles avec de la pluie et un \u00e9pais brouillard.<\/p>\n\n\n\n<p>L\u2019\u00e9pave a \u00e9t\u00e9 d\u00e9couverte \u00e0 l\u2019aube et les secours ont rapidement indiqu\u00e9 qu\u2019il n\u2019y avait \u00ab aucun signe montrant que les passagers de l\u2019h\u00e9licopt\u00e8re \u00bb \u00e9taient en vie, selon la t\u00e9l\u00e9vision d\u2019Etat.<\/p>\n\n\n\n<p>Le gouvernement r\u00e9agit<\/p>\n\n\n\n<p>Le gouvernement iranien a r\u00e9agi ce lundi matin dans un communiqu\u00e9, confirmant de fait le d\u00e9c\u00e8s du pr\u00e9sident Ebrahim Ra\u00efssi. <\/p>\n\n\n\n<p>Il a assur\u00e9 que sa disparition n\u2019allait pas entra\u00eener \u00ab la moindre perturbation dans l\u2019administration \u00bb du pays. \u00ab Le pr\u00e9sident du peuple iranien, travailleur et infatigable, [\u2026] a sacrifi\u00e9 sa vie pour la nation \u00bb, est-il \u00e9crit.<\/p>\n\n\n\n<p> \u00ab Nous assurons \u00e0 la nation loyale que, avec l\u2019aide de Dieu et le soutien du peuple, il n\u2019y aura pas la moindre perturbation dans l\u2019administration du pays \u00bb, a-t-il ajout\u00e9.<\/p>\n\n\n\n<p>Ebrahim Ra\u00efssi, qui avait le titre d\u2019ayatollah, pr\u00e9sidait la R\u00e9publique islamique depuis pr\u00e8s de trois ans. Consid\u00e9r\u00e9 comme un ultraconservateur, il avait \u00e9t\u00e9 \u00e9lu le 18 juin 2021 d\u00e8s le premier tour d\u2019un scrutin marqu\u00e9 par une abstention record pour une pr\u00e9sidentielle et l\u2019absence de concurrents de poids.<\/p>\n\n\n\n<p>Toujours coiff\u00e9 de son turban noir et v\u00eatu d\u2019un long manteau de religieux, il avait succ\u00e9d\u00e9 au mod\u00e9r\u00e9 Hassan Rohani, qui l\u2019avait battu \u00e0 la pr\u00e9sidentielle de 2017. Il \u00e9tait soutenu par la principale autorit\u00e9 de la R\u00e9publique islamique, l\u2019ayatollah Ali Khamenei.<\/p>\n\n\n\n<p>La Constitution pr\u00e9voit que, en cas de d\u00e9c\u00e8s, le pr\u00e9sident est remplac\u00e9 par le premier vice-pr\u00e9sident, Mohammad Mokhber, en attendant la tenue d\u2019une \u00e9lection pr\u00e9sidentielle dans les 50 jours.<\/p>\n\n\n\n<p>Parmi les premiers \u00e0 r\u00e9agir suite \u00e0 l\u2019annonce du d\u00e9c\u00e8s, le Premier ministre indien Narendra Modi s\u2019est d\u00e9clar\u00e9 \u00ab profond\u00e9ment attrist\u00e9 et choqu\u00e9 par la disparition tragique \u00bb du pr\u00e9sident iranien. \u00ab Je pr\u00e9sente mes sinc\u00e8res condol\u00e9ances \u00e0 sa famille et au peuple iranien \u00bb, a-t-il d\u00e9clar\u00e9 sur le r\u00e9seau social X, ajoutant que l\u2019Inde \u00e9tait \u00ab aux c\u00f4t\u00e9s de l\u2019Iran en ce moment de tristesse \u00bb.<\/p>\n","protected":false},"excerpt":{"rendered":"<p>(La d\u00e9p\u00eache.fr)- Les secours iraniens ont r\u00e9cup\u00e9r\u00e9 le 20 mai les d\u00e9pouilles du pr\u00e9sident iranien Ebrahim Ra\u00efssi et des huit<\/p>\n","protected":false},"author":1,"featured_media":36576,"comment_status":"open","ping_status":"open","sticky":false,"template":"","format":"standard","meta":{"footnotes":""},"categories":[6],"tags":[],"class_list":["post-36575","post","type-post","status-publish","format-standard","has-post-thumbnail","hentry","category-politics"],"_links":{"self":[{"href":"https:\/\/dekkbi.com\/index.php?rest_route=\/wp\/v2\/posts\/36575","targetHints":{"allow":["GET"]}}],"collection":[{"href":"https:\/\/dekkbi.com\/index.php?rest_route=\/wp\/v2\/posts"}],"about":[{"href":"https:\/\/dekkbi.com\/index.php?rest_route=\/wp\/v2\/types\/post"}],"author":[{"embeddable":true,"href":"https:\/\/dekkbi.com\/index.php?rest_route=\/wp\/v2\/users\/1"}],"replies":[{"embeddable":true,"href":"https:\/\/dekkbi.com\/index.php?rest_route=%2Fwp%2Fv2%2Fcomments&post=36575"}],"version-history":[{"count":1,"href":"https:\/\/dekkbi.com\/index.php?rest_route=\/wp\/v2\/posts\/36575\/revisions"}],"predecessor-version":[{"id":36577,"href":"https:\/\/dekkbi.com\/index.php?rest_route=\/wp\/v2\/posts\/36575\/revisions\/36577"}],"wp:featuredmedia":[{"embeddable":true,"href":"https:\/\/dekkbi.com\/index.php?rest_route=\/wp\/v2\/media\/36576"}],"wp:attachment":[{"href":"https:\/\/dekkbi.com\/index.php?rest_route=%2Fwp%2Fv2%2Fmedia&parent=36575"}],"wp:term":[{"taxonomy":"category","embeddable":true,"href":"https:\/\/dekkbi.com\/index.php?rest_route=%2Fwp%2Fv2%2Fcategories&post=36575"},{"taxonomy":"post_tag","embeddable":true,"href":"https:\/\/dekkbi.com\/index.php?rest_route=%2Fwp%2Fv2%2Ftags&post=36575"}],"curies":[{"name":"wp","href":"https:\/\/api.w.org\/{rel}","templated":true}]}}