{"id":36564,"date":"2024-05-19T08:43:15","date_gmt":"2024-05-19T08:43:15","guid":{"rendered":"https:\/\/dekkbi.com\/?p=36564"},"modified":"2024-05-19T09:06:31","modified_gmt":"2024-05-19T09:06:31","slug":"nouvelle-caledonie-vaste-operation-des-forces-de-lordre-dans-larchipel-apres-six-morts-dans-les-emeutes","status":"publish","type":"post","link":"https:\/\/dekkbi.com\/?p=36564","title":{"rendered":"Nouvelle-Cal\u00e9donie : vaste op\u00e9ration des forces de l&rsquo;ordre dans l&rsquo;archipel, apr\u00e8s six morts dans les \u00e9meutes"},"content":{"rendered":"\n<p>Cette op\u00e9ration vise \u00e0 d\u00e9gager la route vers l&rsquo;a\u00e9roport, alors que 3 200 personnes sont en attente d&rsquo;un vol.<\/p>\n\n\n\n<p>Ce qu&rsquo;il faut savoir<\/p>\n\n\n\n<p>Le gouvernement a lanc\u00e9, dimanche 19 mai, une vaste op\u00e9ration des forces de l&rsquo;ordre en Nouvelle-Cal\u00e9donie.<\/p>\n\n\n\n<p> Cette op\u00e9ration \u00ab\u00a0avec plus de 600 gendarmes\u00a0\u00bb vise \u00ab\u00a0\u00e0 reprendre totalement la ma\u00eetrise de la route principale de 60 km entre Noum\u00e9a et l&rsquo;a\u00e9roport\u00a0\u00bb, a annonc\u00e9 le ministre fran\u00e7ais de l&rsquo;Int\u00e9rieur, G\u00e9rald Darmanin, dans un message sur X. <\/p>\n\n\n\n<p>Par ailleurs, le haut-commissaire de la R\u00e9publique en Nouvelle-Cal\u00e9donie a affirm\u00e9 dimanche que \u00ab\u00a0l&rsquo;ordre r\u00e9publicain [serait] r\u00e9tabli, quoiqu&rsquo;il en co\u00fbte\u00a0\u00bb. <\/p>\n\n\n\n<p>\u00ab\u00a0Je veux dire aux \u00e9meutiers : stop, retour au calme, rendez vos armes\u00a0\u00bb, a ajout\u00e9 Louis Le Franc lors d&rsquo;un point de presse retransmis sur Nouvelle-Cal\u00e9donie La 1\u00e8re. <\/p>\n\n\n\n<p>Coll\u00e8ges et lyc\u00e9es ferm\u00e9s \u00e0 partir de mardi. Tous les coll\u00e8ges et lyc\u00e9es publics et priv\u00e9s de Nouvelle-Cal\u00e9donie resteront ferm\u00e9s du mardi 21 mai au vendredi 24 mai, a fait savoir le gouvernement de la Nouvelle-Cal\u00e9donie. <\/p>\n\n\n\n<p>Concernant les \u00e9coles primaires, les communes et provinces communiqueront directement sur leurs modalit\u00e9s de fonctionnement aux familles. Les cours ne reprendront \u00ab\u00a0que lorsque toutes les conditions de s\u00e9curit\u00e9 seront r\u00e9unies\u00a0\u00bb, d\u00e9taille le communiqu\u00e9 de l&rsquo;ex\u00e9cutif. \u00ab\u00a0Cette p\u00e9riode sera mise \u00e0 profit pour \u00e9laborer les meilleurs sc\u00e9narios d&rsquo;une reprise des activit\u00e9s d&rsquo;enseignement int\u00e9grant toutes les dimensions mat\u00e9rielles, humaines et psychologiques.\u00a0\u00bb <\/p>\n\n\n\n<p>Depuis mardi, seuls les \u00e9tablissements scolaires de Noum\u00e9a \u00e9taient ferm\u00e9s. Des containers r\u00e9ceptionn\u00e9s \u00e0 Noum\u00e9a. \u00ab\u00a0Une op\u00e9ration de prise en charge de 103 containers de denr\u00e9es alimentaires et de m\u00e9dicaments a \u00e9t\u00e9 men\u00e9e par la direction r\u00e9gionale des douanes au port autonome de Noum\u00e9a\u00a0\u00bb, a annonc\u00e9 dimanche le Haut-Commissariat en Nouvelle-Cal\u00e9donie. <\/p>\n\n\n\n<p>Alors que plusieurs barrages ont \u00e9t\u00e9 \u00e9rig\u00e9s par les opposants \u00e0 la r\u00e9forme constitutionnelle visant \u00e0 \u00e9largir le corps \u00e9lectoral pour les provinciales, \u00ab\u00a0les services de l&rsquo;Etat sont mobilis\u00e9s pour assurer l&rsquo;acheminement de ces produits\u00a0\u00bb, ajoute le Haut-Commissariat. <\/p>\n\n\n\n<p>Nouveaux troubles dans la nuit. D&rsquo;apr\u00e8s Nouvelle-Cal\u00e9donie La 1\u00e8re, la m\u00e9diath\u00e8que du quartier de Rivi\u00e8re sal\u00e9e, \u00e0 Noum\u00e9a, a \u00e9t\u00e9 incendi\u00e9e. Interrog\u00e9e par l&rsquo;AFP, la mairie de la ville a d\u00e9clar\u00e9 dimanche matin que le quartier \u00e9tait \u00ab\u00a0inaccessible\u00a0\u00bb. <\/p>\n\n\n\n<p>Sonia Lagarde (Renaissance) estimait samedi sur BFMTV que la situation \u00e9tait \u00ab\u00a0loin d&rsquo;un retour \u00e0 l&rsquo;apaisement\u00a0\u00bb. \u00ab\u00a0Est-ce qu&rsquo;on peut dire qu&rsquo;on est dans une ville assi\u00e9g\u00e9e ? Oui, je pense qu&rsquo;on peut le dire\u00a0\u00bb, ajoutait-elle.<\/p>\n\n\n\n<p> Le bilan est de six morts. Les violences ont fait six morts, le dernier en date samedi apr\u00e8s-midi, un Caldoche (Cal\u00e9donien d&rsquo;origine europ\u00e9enne) \u00e0 Kaala-Gomen, dans la province Nord. Les cinq autres morts sont deux gendarmes et trois civils kanaks, dans l&rsquo;agglom\u00e9ration de Noum\u00e9a.<\/p>\n\n\n\n<p>SOURCE FRANCEINFO <\/p>\n","protected":false},"excerpt":{"rendered":"<p>Cette op\u00e9ration vise \u00e0 d\u00e9gager la route vers l&rsquo;a\u00e9roport, alors que 3 200 personnes sont en attente d&rsquo;un vol. Ce<\/p>\n","protected":false},"author":1,"featured_media":36565,"comment_status":"open","ping_status":"open","sticky":false,"template":"","format":"standard","meta":{"footnotes":""},"categories":[26],"tags":[],"class_list":["post-36564","post","type-post","status-publish","format-standard","has-post-thumbnail","hentry","category-fait-divers"],"_links":{"self":[{"href":"https:\/\/dekkbi.com\/index.php?rest_route=\/wp\/v2\/posts\/36564","targetHints":{"allow":["GET"]}}],"collection":[{"href":"https:\/\/dekkbi.com\/index.php?rest_route=\/wp\/v2\/posts"}],"about":[{"href":"https:\/\/dekkbi.com\/index.php?rest_route=\/wp\/v2\/types\/post"}],"author":[{"embeddable":true,"href":"https:\/\/dekkbi.com\/index.php?rest_route=\/wp\/v2\/users\/1"}],"replies":[{"embeddable":true,"href":"https:\/\/dekkbi.com\/index.php?rest_route=%2Fwp%2Fv2%2Fcomments&post=36564"}],"version-history":[{"count":1,"href":"https:\/\/dekkbi.com\/index.php?rest_route=\/wp\/v2\/posts\/36564\/revisions"}],"predecessor-version":[{"id":36566,"href":"https:\/\/dekkbi.com\/index.php?rest_route=\/wp\/v2\/posts\/36564\/revisions\/36566"}],"wp:featuredmedia":[{"embeddable":true,"href":"https:\/\/dekkbi.com\/index.php?rest_route=\/wp\/v2\/media\/36565"}],"wp:attachment":[{"href":"https:\/\/dekkbi.com\/index.php?rest_route=%2Fwp%2Fv2%2Fmedia&parent=36564"}],"wp:term":[{"taxonomy":"category","embeddable":true,"href":"https:\/\/dekkbi.com\/index.php?rest_route=%2Fwp%2Fv2%2Fcategories&post=36564"},{"taxonomy":"post_tag","embeddable":true,"href":"https:\/\/dekkbi.com\/index.php?rest_route=%2Fwp%2Fv2%2Ftags&post=36564"}],"curies":[{"name":"wp","href":"https:\/\/api.w.org\/{rel}","templated":true}]}}