{"id":36510,"date":"2024-05-19T06:28:43","date_gmt":"2024-05-19T06:28:43","guid":{"rendered":"https:\/\/dekkbi.com\/?p=36510"},"modified":"2024-05-19T07:00:14","modified_gmt":"2024-05-19T07:00:14","slug":"popenguine-2024-limportante-annonce-de-diomaye","status":"publish","type":"post","link":"https:\/\/dekkbi.com\/?p=36510","title":{"rendered":"Popenguine 2024: L&rsquo;importante annonce de Diomaye"},"content":{"rendered":"\n<p>En visite ce samedi dans la ville sainte de Popenguine, le pr\u00e9sident de la R\u00e9publique, Bassirou Diomaye Faye, s\u2019est engag\u00e9 \u00e0 soutenir le comit\u00e9 d\u2019organisation de la 136e \u00e9dition du p\u00e8lerinage Marial et l\u2019\u00c9glise de mani\u00e8re g\u00e9n\u00e9rale.<\/p>\n\n\n\n<p> Il a \u00e9galement affirm\u00e9 devant l&rsquo;archev\u00eaque, Monseigneur Benjamin Ndiaye que cet \u00e9v\u00e8nement religieux est un exemple de vertu, de pardon et de compassion que le S\u00e9n\u00e9gal doit montrer au monde entier.<\/p>\n\n\n\n<p>\u00ab\u00a0En tant que pr\u00e9sident, soucieux des conditions dans lesquelles la forte communaut\u00e9 catholique c\u00e9l\u00e8bre le p\u00e8lerinage marial de Popenguine, je m\u2019engage \u00e0 soutenir le comit\u00e9 d\u2019organisation et l\u2019\u00c9glise de mani\u00e8re g\u00e9n\u00e9rale. <\/p>\n\n\n\n<figure class=\"wp-block-embed is-type-video is-provider-youtube wp-block-embed-youtube wp-embed-aspect-16-9 wp-has-aspect-ratio\"><div class=\"wp-block-embed__wrapper\">\n<iframe loading=\"lazy\" title=\"Popenguine 2024: L&#039;importante annonce de Diomaye\" width=\"800\" height=\"450\" src=\"https:\/\/www.youtube.com\/embed\/wmZ-ggolH9g?feature=oembed\" frameborder=\"0\" allow=\"accelerometer; autoplay; clipboard-write; encrypted-media; gyroscope; picture-in-picture; web-share\" referrerpolicy=\"strict-origin-when-cross-origin\" allowfullscreen><\/iframe>\n<\/div><\/figure>\n\n\n\n<p>Ce p\u00e8lerinage est un moment crucial de spiritualit\u00e9, de recueillement et de solidarit\u00e9, un exemple de vertu, de pardon et de compassion que nous devons montrer au monde entier, a d\u00e9clar\u00e9 le Pr\u00e9sident de la R\u00e9publique.<\/p>\n\n\n\n<p>Soulignant que son d\u00e9placement \u00e0 Popenguine t\u00e9moigne de l\u2019importance que le gouvernement accorde \u00e0 la communaut\u00e9 catholique, le chef de l\u2019\u00c9tat a invit\u00e9 le comit\u00e9 d\u2019organisation \u00e0 identifier les priorit\u00e9s du moment pour que le gouvernement puisse prendre les dispositions n\u00e9cessaires qui permettront d\u2019assurer aux p\u00e8lerins attendus dans la cit\u00e9 religieuse les meilleures conditions possibles.<\/p>\n","protected":false},"excerpt":{"rendered":"<p>En visite ce samedi dans la ville sainte de Popenguine, le pr\u00e9sident de la R\u00e9publique, Bassirou Diomaye Faye, s\u2019est engag\u00e9<\/p>\n","protected":false},"author":1,"featured_media":36511,"comment_status":"open","ping_status":"open","sticky":false,"template":"","format":"standard","meta":{"footnotes":""},"categories":[6],"tags":[],"class_list":["post-36510","post","type-post","status-publish","format-standard","has-post-thumbnail","hentry","category-politics"],"_links":{"self":[{"href":"https:\/\/dekkbi.com\/index.php?rest_route=\/wp\/v2\/posts\/36510","targetHints":{"allow":["GET"]}}],"collection":[{"href":"https:\/\/dekkbi.com\/index.php?rest_route=\/wp\/v2\/posts"}],"about":[{"href":"https:\/\/dekkbi.com\/index.php?rest_route=\/wp\/v2\/types\/post"}],"author":[{"embeddable":true,"href":"https:\/\/dekkbi.com\/index.php?rest_route=\/wp\/v2\/users\/1"}],"replies":[{"embeddable":true,"href":"https:\/\/dekkbi.com\/index.php?rest_route=%2Fwp%2Fv2%2Fcomments&post=36510"}],"version-history":[{"count":1,"href":"https:\/\/dekkbi.com\/index.php?rest_route=\/wp\/v2\/posts\/36510\/revisions"}],"predecessor-version":[{"id":36512,"href":"https:\/\/dekkbi.com\/index.php?rest_route=\/wp\/v2\/posts\/36510\/revisions\/36512"}],"wp:featuredmedia":[{"embeddable":true,"href":"https:\/\/dekkbi.com\/index.php?rest_route=\/wp\/v2\/media\/36511"}],"wp:attachment":[{"href":"https:\/\/dekkbi.com\/index.php?rest_route=%2Fwp%2Fv2%2Fmedia&parent=36510"}],"wp:term":[{"taxonomy":"category","embeddable":true,"href":"https:\/\/dekkbi.com\/index.php?rest_route=%2Fwp%2Fv2%2Fcategories&post=36510"},{"taxonomy":"post_tag","embeddable":true,"href":"https:\/\/dekkbi.com\/index.php?rest_route=%2Fwp%2Fv2%2Ftags&post=36510"}],"curies":[{"name":"wp","href":"https:\/\/api.w.org\/{rel}","templated":true}]}}