{"id":36465,"date":"2024-05-18T09:19:49","date_gmt":"2024-05-18T09:19:49","guid":{"rendered":"https:\/\/dekkbi.com\/?p=36465"},"modified":"2024-05-18T09:19:50","modified_gmt":"2024-05-18T09:19:50","slug":"les-militants-du-pastef-et-des-anonymes-apprecient-la-convergences-didees-avec-lfi","status":"publish","type":"post","link":"https:\/\/dekkbi.com\/?p=36465","title":{"rendered":"Les militants du Pastef et des anonymes appr\u00e9cient la \u201dconvergences d\u2019id\u00e9es\u201d avec LFI"},"content":{"rendered":"\n<p>Dakar,  (APS) \u2013 Des militants et sympathisants des th\u00e8ses panafricanistes du parti Patriotes africains du S\u00e9n\u00e9gal pour le travail, l\u2019\u00e9thique et la fraternit\u00e9 (Pastef-Les patriotes) ont appr\u00e9ci\u00e9 la convergence d\u2019id\u00e9es entre cette formation politique s\u00e9n\u00e9galaise et le mouvement La France Insoumise (LFI).<\/p>\n\n\n\n<p> \u2018\u2019Ce qu\u2019il faut retenir, c\u2019est que Pastef et La France Insoumise sont deux partis amis qui se rencontrent dans le cadre d\u2019une activit\u00e9 politique. Aujourd\u2019hui [jeudi], la venue de Jean-Luc M\u00e9lenchon est tout \u00e0 fait naturelle. Il a toujours \u00e9t\u00e9 aux c\u00f4t\u00e9s du Pastef dans les moments difficiles\u2019\u2019, a d\u00e9clar\u00e9 Toussaint Manga.<\/p>\n\n\n\n<p>R\u00e9pondant \u00e0 la question de savoir si cette visite du leader des \u2018\u2019Insoumis\u2019\u2019 ne sera pas mal interpr\u00e9t\u00e9e par les autorit\u00e9s fran\u00e7aises, le nouveau directeur de la Loterie nationale s\u00e9n\u00e9galaise (LONASE) a r\u00e9torqu\u00e9 que \u2018\u2019les partis ont la libert\u00e9 d\u2019\u00e9changer avec n\u2019importe quel autre formation politique\u2019\u2019.<\/p>\n\n\n\n<p>\u2018\u2019Il ne faut pas m\u00e9langer les torchons et les serviettes. Il ne s\u2019agit pas d\u2019une visite d\u2019\u00c9tat. Politiquement, chaque parti a la libert\u00e9 d\u2019\u00e9changer avec d\u2019autres, qui plus est, avec qui il a des points de convergence\u2019\u2019, a-t-il ajout\u00e9.<\/p>\n\n\n\n<p> Daouda Sow, secr\u00e9taire g\u00e9n\u00e9ral du Pastef-Gor\u00e9e, abonde dans le m\u00eame sens. \u2018\u2019Je ne vois pas o\u00f9 se situe le probl\u00e8me. Nous avons la latitude de choisir avec qui parler ou collaborer\u2019\u2019, rench\u00e9rit ce membre du MONCAP, le Mouvement des cadres du Pastef, o\u00f9 il s\u2019occupe de la sous-th\u00e9matique Recherche scientifique.<\/p>\n\n\n\n<p>Selon lui, \u2018\u2019cette visite de Jean-Luc M\u00e9lenchon s\u2019inscrit dans une logique de convergence d\u2019id\u00e9es entre les deux formations politiques. <\/p>\n\n\n\n<p>Donc il est tout \u00e0 fait logique qu\u2019il soit l\u00e0 dans la mesure o\u00f9 on partage plusieurs convictions et mani\u00e8res de voir les relations entre l\u2019Afrique et l\u2019Europe, entre la France et le S\u00e9n\u00e9gal, notamment\u2019\u2019.<\/p>\n\n\n\n<p>Une \u00e9tudiante en Master 1 de droit, qui a pr\u00e9f\u00e9r\u00e9 garder l\u2019anonymat, a estim\u00e9 que cette conf\u00e9rence coanim\u00e9e par le pr\u00e9sident de Pastef Ousmane Sonko et son homologue du parti fran\u00e7ais de gauche La France Insoumise, Jean-Luc M\u00e9lenchon, est une fa\u00e7on de mieux appr\u00e9hender les nouvelles perspectives dans les relations entre Le S\u00e9n\u00e9gal et la France particuli\u00e8rement.  Jeudi, les deux hommes politiques ont co-anim\u00e9 une conf\u00e9rence, \u00e0 l\u2019universit\u00e9 Cheikh-Anta-Diop de Dakar, sur le th\u00e8me : \u201c\u00c9changes sur l\u2019avenir des relations entre l\u2019Afrique et l\u2019Europe\u201d.<\/p>\n\n\n\n<p>Pour la juriste en herbe, M\u00e9lenchon et Sonko, qu\u2019elle suit sur les r\u00e9seaux sociaux, sont \u2018\u2019deux grandes figures intellectuelles\u2019\u2019 connues pour \u00eatre des \u2018\u2019d\u00e9fenseurs de la justice, de la souverainet\u00e9 des \u00c9tats et de la non-ing\u00e9rence \u00e9trang\u00e8re\u2019\u2019<\/p>\n\n\n\n<p>.\u201dJe n\u2019ai pas pris la carte du Pastef, m\u00eame si j\u2019adh\u00e8re aux id\u00e9es souverainistes et panafricanistes d\u2019Ousmane Sonko,  particuli\u00e8rement \u00e0 sa vision d\u2019un S\u00e9n\u00e9gal meilleur, d\u2019un S\u00e9n\u00e9gal capable d\u2019\u00e9changer avec d\u2019autres \u00c9tats sans qu\u2019il ne soit l\u00e9s\u00e9, d\u2019un S\u00e9n\u00e9gal qui bient\u00f4t pourra r\u00e9soudre ses probl\u00e8mes \u00e9conomiques sans subir aucun diktat d\u2019o\u00f9 qu\u2019il vient\u201d, a t-elle d\u00e9clar\u00e9.<\/p>\n\n\n\n<p><\/p>\n","protected":false},"excerpt":{"rendered":"<p>Dakar, (APS) \u2013 Des militants et sympathisants des th\u00e8ses panafricanistes du parti Patriotes africains du S\u00e9n\u00e9gal pour le travail, l\u2019\u00e9thique<\/p>\n","protected":false},"author":1,"featured_media":36466,"comment_status":"open","ping_status":"open","sticky":false,"template":"","format":"standard","meta":{"footnotes":""},"categories":[21],"tags":[],"class_list":["post-36465","post","type-post","status-publish","format-standard","has-post-thumbnail","hentry","category-societe"],"_links":{"self":[{"href":"https:\/\/dekkbi.com\/index.php?rest_route=\/wp\/v2\/posts\/36465","targetHints":{"allow":["GET"]}}],"collection":[{"href":"https:\/\/dekkbi.com\/index.php?rest_route=\/wp\/v2\/posts"}],"about":[{"href":"https:\/\/dekkbi.com\/index.php?rest_route=\/wp\/v2\/types\/post"}],"author":[{"embeddable":true,"href":"https:\/\/dekkbi.com\/index.php?rest_route=\/wp\/v2\/users\/1"}],"replies":[{"embeddable":true,"href":"https:\/\/dekkbi.com\/index.php?rest_route=%2Fwp%2Fv2%2Fcomments&post=36465"}],"version-history":[{"count":1,"href":"https:\/\/dekkbi.com\/index.php?rest_route=\/wp\/v2\/posts\/36465\/revisions"}],"predecessor-version":[{"id":36467,"href":"https:\/\/dekkbi.com\/index.php?rest_route=\/wp\/v2\/posts\/36465\/revisions\/36467"}],"wp:featuredmedia":[{"embeddable":true,"href":"https:\/\/dekkbi.com\/index.php?rest_route=\/wp\/v2\/media\/36466"}],"wp:attachment":[{"href":"https:\/\/dekkbi.com\/index.php?rest_route=%2Fwp%2Fv2%2Fmedia&parent=36465"}],"wp:term":[{"taxonomy":"category","embeddable":true,"href":"https:\/\/dekkbi.com\/index.php?rest_route=%2Fwp%2Fv2%2Fcategories&post=36465"},{"taxonomy":"post_tag","embeddable":true,"href":"https:\/\/dekkbi.com\/index.php?rest_route=%2Fwp%2Fv2%2Ftags&post=36465"}],"curies":[{"name":"wp","href":"https:\/\/api.w.org\/{rel}","templated":true}]}}