{"id":36451,"date":"2024-05-17T09:58:37","date_gmt":"2024-05-17T09:58:37","guid":{"rendered":"https:\/\/dekkbi.com\/?p=36451"},"modified":"2024-05-17T09:58:38","modified_gmt":"2024-05-17T09:58:38","slug":"matam-route-du-dande-maayo-lageroute-anticipe-deventuels-desagrements-durant-la-periode-hivernale","status":"publish","type":"post","link":"https:\/\/dekkbi.com\/?p=36451","title":{"rendered":"Matam-route du Dande Maayo: l\u2019Ag\u00e9route anticipe d\u2019\u00e9ventuels d\u00e9sagr\u00e9ments durant la p\u00e9riode hivernale"},"content":{"rendered":"\n<p><strong>Avec l\u2019hivernage qui s\u2019annonce, les&nbsp;&nbsp;travaux de construction des routes du Dand\u00e9 Maayo Sud (Matam-Navel-Waound\u00e9-Dembancane) et du Dand\u00e9 Maayo Nord (Or\u00e9fond\u00e9-Nguidjilone-Matam),<\/strong><strong>&nbsp;sont au c\u0153ur des pr\u00e9occupations des populations et des autorit\u00e9s qui plaident pour la mise en place de mesures appropri\u00e9es&nbsp;pour \u00e9viter des d\u00e9sagr\u00e9ments durant la p\u00e9riode des pluies.<\/strong><strong>&nbsp;Un souhait qui n\u2019est pas tomb\u00e9 dans l\u2019oreille d\u2019un sourd.<\/strong><\/p>\n\n\n\n<p>Quelques jours seulement apr\u00e8s la tenue d\u2019un comit\u00e9 r\u00e9gional de d\u00e9veloppement (CRD), durant lequel les acteurs s\u2019\u00e9taient \u00e9panch\u00e9s sur le sujet, le coordonnateur des projets de l\u2019axe nord de&nbsp;l\u2019Agence de gestion des routes (AGEROUTE), a, sur&nbsp;instruction du ministre en charge des infrastructures et du directeur g\u00e9n\u00e9ral de l\u2019Ag\u00e9route,&nbsp;fait le d\u00e9placement&nbsp;afin de faire le point sur les dispositions qui ont \u00e9t\u00e9 prises pour \u00e9viter des d\u00e9sagr\u00e9ments en p\u00e9riode d\u2019hivernage.<\/p>\n\n\n\n<p>A l\u2019occasion, une&nbsp;visite de terrain sur diff\u00e9rents chantiers routiers situ\u00e9s dans le Dand\u00e9 Maayo Sud \u00e0 Thiempeng, Odob\u00e9r\u00e9, Bow, Thialy et Dembancan\u00e9 dans le d\u00e9partement de Kanel, en pr\u00e9sence du pr\u00e9fet du d\u00e9partement et du sous-pr\u00e9fet de Wouro Sidi, a permis de&nbsp;s\u2019enqu\u00e9rir de la situation des sites critiques susceptibles d\u2019impacter le niveau des inondations ou bien, en cr\u00e9er des zones qui seront prises par les eaux. Entre autres inqui\u00e9tudes auxquelles le coordonnateur des travaux, Boubacar Fofana a apport\u00e9 des r\u00e9ponses, en rassurant que \u00ables voies d\u2019eaux pluviales sont suivies de pr\u00e8s avec la r\u00e9alisation de 205 ouvrages d\u2019assainissement le long de l\u2019axe Matam-Dembancan\u00e9\u00bb. Avant de relever que \u00ab&nbsp;bien avant le d\u00e9marrage des travaux, l\u2019Ag\u00e9route avait pris toutes les mesures pour \u00e9viter des d\u00e9sagr\u00e9ments durant la p\u00e9riode hivernale\u00bb et qu\u2019en plus, \u00ables dispositifs ont int\u00e9gr\u00e9 la mise en place d\u2019une \u00e9quipe de veille&nbsp;&nbsp;pour qu\u2019en cas d\u2019inondations constat\u00e9es, les interventions puissent se faire de mani\u00e8re tr\u00e8s diligente afin d\u2019assurer la continuit\u00e9 des activit\u00e9s sur le trac\u00e9 en garantissant le confort des usagers de la route\u00bb.<\/p>\n\n\n\n<p>Le dispositif de veille sera compos\u00e9 de moyens mat\u00e9riels et humains avec des \u00e9quipes charg\u00e9es de faire le tour en rapport avec des relais sur le terrain pour identifier les zones prioritaires.<\/p>\n\n\n\n<p>Se pronon\u00e7ant sur les lenteurs annonc\u00e9es sur les travaux, le coordonnateur, d\u00e9clare qu\u2019il s\u2019agit tout juste d\u2019un probl\u00e8me d\u2019appr\u00e9ciation. \u00abLes premi\u00e8res actions pr\u00e9paratoires et les travaux de terrassement, constituent en fait, le goulot d\u2019\u00e9tranglement. Ce sont des travaux qui permettent de d\u00e9gager le couloir de la route et cela prend du temps parce qu\u2019il faut lib\u00e9rer toutes les emprises et d\u00e9placer tous les r\u00e9seaux existants sur le trac\u00e9 (\u2026). En termes de travaux physiques, souligne-il, \u00ab&nbsp;c\u2019est beaucoup plus contraignant que les derni\u00e8res couches de chauss\u00e9e, notamment le goudron que les populations ont toujours l\u2019habitude de rappeler. On a fait plus de la moiti\u00e9 du tron\u00e7on, l\u00e0, on s\u2019att\u00e8le au d\u00e9marrage des travaux li\u00e9s \u00e0 la couche noire. Malgr\u00e9 toutes les contraintes qu\u2019il y a sur le terrain, on prend les dispositions aujourd\u2019hui de commencer le bitumage d\u2019ici un an\u00bb.<\/p>\n\n\n\n<p><strong>Pape Moctar NDIAYE<\/strong><br>SUDQUOTIDIEN<\/p>\n","protected":false},"excerpt":{"rendered":"<p>Avec l\u2019hivernage qui s\u2019annonce, les&nbsp;&nbsp;travaux de construction des routes du Dand\u00e9 Maayo Sud (Matam-Navel-Waound\u00e9-Dembancane) et du Dand\u00e9 Maayo Nord (Or\u00e9fond\u00e9-Nguidjilone-Matam),&nbsp;sont<\/p>\n","protected":false},"author":1,"featured_media":36452,"comment_status":"open","ping_status":"open","sticky":false,"template":"","format":"standard","meta":{"footnotes":""},"categories":[26],"tags":[],"class_list":["post-36451","post","type-post","status-publish","format-standard","has-post-thumbnail","hentry","category-fait-divers"],"_links":{"self":[{"href":"https:\/\/dekkbi.com\/index.php?rest_route=\/wp\/v2\/posts\/36451","targetHints":{"allow":["GET"]}}],"collection":[{"href":"https:\/\/dekkbi.com\/index.php?rest_route=\/wp\/v2\/posts"}],"about":[{"href":"https:\/\/dekkbi.com\/index.php?rest_route=\/wp\/v2\/types\/post"}],"author":[{"embeddable":true,"href":"https:\/\/dekkbi.com\/index.php?rest_route=\/wp\/v2\/users\/1"}],"replies":[{"embeddable":true,"href":"https:\/\/dekkbi.com\/index.php?rest_route=%2Fwp%2Fv2%2Fcomments&post=36451"}],"version-history":[{"count":1,"href":"https:\/\/dekkbi.com\/index.php?rest_route=\/wp\/v2\/posts\/36451\/revisions"}],"predecessor-version":[{"id":36453,"href":"https:\/\/dekkbi.com\/index.php?rest_route=\/wp\/v2\/posts\/36451\/revisions\/36453"}],"wp:featuredmedia":[{"embeddable":true,"href":"https:\/\/dekkbi.com\/index.php?rest_route=\/wp\/v2\/media\/36452"}],"wp:attachment":[{"href":"https:\/\/dekkbi.com\/index.php?rest_route=%2Fwp%2Fv2%2Fmedia&parent=36451"}],"wp:term":[{"taxonomy":"category","embeddable":true,"href":"https:\/\/dekkbi.com\/index.php?rest_route=%2Fwp%2Fv2%2Fcategories&post=36451"},{"taxonomy":"post_tag","embeddable":true,"href":"https:\/\/dekkbi.com\/index.php?rest_route=%2Fwp%2Fv2%2Ftags&post=36451"}],"curies":[{"name":"wp","href":"https:\/\/api.w.org\/{rel}","templated":true}]}}