{"id":36443,"date":"2024-05-17T09:26:16","date_gmt":"2024-05-17T09:26:16","guid":{"rendered":"https:\/\/dekkbi.com\/?p=36443"},"modified":"2024-05-17T09:32:33","modified_gmt":"2024-05-17T09:32:33","slug":"prise-en-charge-des-frais-relatifs-au-festival-mansour-faye-fait-un-plaidoyer-aux-autorites-etatiques","status":"publish","type":"post","link":"https:\/\/dekkbi.com\/?p=36443","title":{"rendered":"Prise en charge des frais relatifs au festival: Mansour Faye fait un plaidoyer aux autorit\u00e9s \u00e9tatiques"},"content":{"rendered":"\n<p><strong>Pr\u00e9sent \u00e0 la c\u00e9r\u00e9monie d\u2019ouverture de la 32eme \u00e9dition du\u00a0<\/strong>festival international de jazz de Saint-Louis hier, jeudi 16 mai, le maire de Saint-Louis Mansour Faye a fait un plaidoyer aux autorit\u00e9s \u00e9tatiques pour la prise en charge des frais relatifs au festival. <\/p>\n\n\n\n<p>\u00ab\u00a0J\u2019en ai profit\u00e9 tout \u00e0 l\u2019heure pour faire un plaidoyer \u00e0 l\u2019endroit des autorit\u00e9s de ce pays pour que ce festival puisse s\u2019organiser dans les r\u00e8gles de l\u2019art. Depuis plusieurs ann\u00e9es, un chantier a \u00e9t\u00e9 ouvert pour qu\u2019un budget soit inscrit au niveau du minist\u00e8re de la Culture pour prendre en charge les frais relatifs \u00e0 l\u2019organisation de ce festival et c\u2019est ce chantier d\u2019un budget de plus de 100 millions minimum par an dont nous souhaitons la r\u00e9alisation. <\/p>\n\n\n\n<p>C\u2019est tout \u00e0 fait possible et j\u2019esp\u00e8re que le ministre en charge de la Culture a re\u00e7u ces \u00e9chos et nous satisfera \u00e0 travers non seulement le Premier ministre mais aussi le pr\u00e9sident de la R\u00e9publique\u00a0\u00bb, a d\u00e9clar\u00e9 Mansour Faye.<\/p>\n\n\n\n<p>Selon lui, le festival de jazz de Saint-Louis qui en est \u00e0 sa 32\u00e9me \u00e9dition, est un festival comme le festival de Rio, de Lausanne, d\u2019autres pays. \u00ab32 ans, ce n\u2019est pas petit et nous voulons l\u00e9guer ce festival aux g\u00e9n\u00e9rations \u00e0 venir. D\u2019o\u00f9 la n\u00e9cessit\u00e9 pour l\u2019Etat du S\u00e9n\u00e9gal et l\u2019ensemble de ses partenaires d\u2019accompagner ce festival-l\u00e0. C\u2019est 5 jours d\u2019activit\u00e9s \u00e0 fort impact \u00e9conomique et pour la population et pour l\u2019ensemble h\u00f4teliers et les saint-louisiens&nbsp;\u00bb, a-t-il ajout\u00e9.<\/p>\n\n\n\n<p><strong>&nbsp;Mariame DJIGO<\/strong><\/p>\n\n\n\n<p><strong>(Envoy\u00e9e Sp\u00e9ciale SUDQUOTIDIEN \u00e0 Saint-Louis)<\/strong><\/p>\n","protected":false},"excerpt":{"rendered":"<p>Pr\u00e9sent \u00e0 la c\u00e9r\u00e9monie d\u2019ouverture de la 32eme \u00e9dition du\u00a0festival international de jazz de Saint-Louis hier, jeudi 16 mai, le<\/p>\n","protected":false},"author":1,"featured_media":36444,"comment_status":"open","ping_status":"open","sticky":false,"template":"","format":"standard","meta":{"footnotes":""},"categories":[21],"tags":[],"class_list":["post-36443","post","type-post","status-publish","format-standard","has-post-thumbnail","hentry","category-societe"],"_links":{"self":[{"href":"https:\/\/dekkbi.com\/index.php?rest_route=\/wp\/v2\/posts\/36443","targetHints":{"allow":["GET"]}}],"collection":[{"href":"https:\/\/dekkbi.com\/index.php?rest_route=\/wp\/v2\/posts"}],"about":[{"href":"https:\/\/dekkbi.com\/index.php?rest_route=\/wp\/v2\/types\/post"}],"author":[{"embeddable":true,"href":"https:\/\/dekkbi.com\/index.php?rest_route=\/wp\/v2\/users\/1"}],"replies":[{"embeddable":true,"href":"https:\/\/dekkbi.com\/index.php?rest_route=%2Fwp%2Fv2%2Fcomments&post=36443"}],"version-history":[{"count":2,"href":"https:\/\/dekkbi.com\/index.php?rest_route=\/wp\/v2\/posts\/36443\/revisions"}],"predecessor-version":[{"id":36447,"href":"https:\/\/dekkbi.com\/index.php?rest_route=\/wp\/v2\/posts\/36443\/revisions\/36447"}],"wp:featuredmedia":[{"embeddable":true,"href":"https:\/\/dekkbi.com\/index.php?rest_route=\/wp\/v2\/media\/36444"}],"wp:attachment":[{"href":"https:\/\/dekkbi.com\/index.php?rest_route=%2Fwp%2Fv2%2Fmedia&parent=36443"}],"wp:term":[{"taxonomy":"category","embeddable":true,"href":"https:\/\/dekkbi.com\/index.php?rest_route=%2Fwp%2Fv2%2Fcategories&post=36443"},{"taxonomy":"post_tag","embeddable":true,"href":"https:\/\/dekkbi.com\/index.php?rest_route=%2Fwp%2Fv2%2Ftags&post=36443"}],"curies":[{"name":"wp","href":"https:\/\/api.w.org\/{rel}","templated":true}]}}