{"id":3644,"date":"2022-11-22T09:57:04","date_gmt":"2022-11-22T09:57:04","guid":{"rendered":"https:\/\/dekkbi.com\/?p=3644"},"modified":"2022-11-22T09:57:06","modified_gmt":"2022-11-22T09:57:06","slug":"gestion-de-lhotel-king-fahd-palace-les-deputes-interpellent-letat","status":"publish","type":"post","link":"https:\/\/dekkbi.com\/?p=3644","title":{"rendered":"Gestion de l\u2019h\u00f4tel King Fahd palace : les d\u00e9put\u00e9s interpellent l\u2019Etat"},"content":{"rendered":"\n<p>En s\u00e9ance pl\u00e9ni\u00e8re hier, lundi 21 novembre, le ministre du Tourisme et des loisirs Mame Mbaye Niang&nbsp; a \u00e9t\u00e9 interpell\u00e9 sur la gestion, le contr\u00f4le, la perte de client\u00e8le et la cession d\u2019une partie du domaine foncier du King Fahd Palace. Les&nbsp; d\u00e9put\u00e9s&nbsp; ont ainsi souhait\u00e9 l\u2019audit et la mise en place d\u2019un comit\u00e9 de gestion de cet \u00e9tablissement.&nbsp; Prenant la parole,&nbsp; le ministre a rappel\u00e9 qu\u2019un audit a&nbsp; \u00e9t\u00e9 effectu\u00e9 par les services de son d\u00e9partement, en 2018. A l\u2019issue de cet audit&nbsp; des irr\u00e9gularit\u00e9s li\u00e9es notamment \u00e0 l\u2019absence de paiement des redevances ont&nbsp; \u00e9t\u00e9 d\u00e9cel\u00e9es. \u00ab&nbsp;La direction de l\u2019h\u00f4tel a indiqu\u00e9, pour sa d\u00e9fense, que le non-paiement&nbsp; de redevances \u00e9tait d\u00fb aux montants exorbitants de la dette que l\u2019h\u00f4tel&nbsp; devait \u00e0 l\u2019Etat&nbsp; du&nbsp; S\u00e9n\u00e9gal. Ainsi, il a \u00e9t\u00e9 r\u00e9v\u00e9l\u00e9 un solde cr\u00e9diteur gap de 3 milliards FCFA&nbsp; au profit de l\u2019h\u00f4tel, \u00e0 la suite d\u2019une convention entre l\u2019Etat et l\u2019h\u00f4tel&nbsp; King Fahd Palace&nbsp;\u00bb, fait-il savoir. Dans ce m\u00eame registre, il dira que de nouvelles clauses portant notamment sur la maintenance, l\u2019entretien, la r\u00e9novation, le cahier de charges, ainsi que le versement de 600 millions de redevances ont \u00e9t\u00e9 int\u00e9gr\u00e9es au contrat initial de concession qui \u00e9t\u00e9 sign\u00e9, en 2010. Il a, en outre, soulign\u00e9 l\u2019existence d\u2019un comit\u00e9 de gestion, log\u00e9 \u00e0 la Primature et compos\u00e9 de neuf membres, dont les repr\u00e9sentants des minist\u00e8res en charge du Tourisme et des Finances.<\/p>\n\n\n\n<p><strong>NDEYE AMINATA CISSE<\/strong><\/p>\n\n\n\n<p>SUDONLINE<\/p>\n","protected":false},"excerpt":{"rendered":"<p>En s\u00e9ance pl\u00e9ni\u00e8re hier, lundi 21 novembre, le ministre du Tourisme et des loisirs Mame Mbaye Niang&nbsp; a \u00e9t\u00e9 interpell\u00e9<\/p>\n","protected":false},"author":1,"featured_media":3645,"comment_status":"open","ping_status":"open","sticky":false,"template":"","format":"standard","meta":{"footnotes":""},"categories":[3],"tags":[],"class_list":["post-3644","post","type-post","status-publish","format-standard","has-post-thumbnail","hentry","category-event-more-news"],"_links":{"self":[{"href":"https:\/\/dekkbi.com\/index.php?rest_route=\/wp\/v2\/posts\/3644","targetHints":{"allow":["GET"]}}],"collection":[{"href":"https:\/\/dekkbi.com\/index.php?rest_route=\/wp\/v2\/posts"}],"about":[{"href":"https:\/\/dekkbi.com\/index.php?rest_route=\/wp\/v2\/types\/post"}],"author":[{"embeddable":true,"href":"https:\/\/dekkbi.com\/index.php?rest_route=\/wp\/v2\/users\/1"}],"replies":[{"embeddable":true,"href":"https:\/\/dekkbi.com\/index.php?rest_route=%2Fwp%2Fv2%2Fcomments&post=3644"}],"version-history":[{"count":1,"href":"https:\/\/dekkbi.com\/index.php?rest_route=\/wp\/v2\/posts\/3644\/revisions"}],"predecessor-version":[{"id":3646,"href":"https:\/\/dekkbi.com\/index.php?rest_route=\/wp\/v2\/posts\/3644\/revisions\/3646"}],"wp:featuredmedia":[{"embeddable":true,"href":"https:\/\/dekkbi.com\/index.php?rest_route=\/wp\/v2\/media\/3645"}],"wp:attachment":[{"href":"https:\/\/dekkbi.com\/index.php?rest_route=%2Fwp%2Fv2%2Fmedia&parent=3644"}],"wp:term":[{"taxonomy":"category","embeddable":true,"href":"https:\/\/dekkbi.com\/index.php?rest_route=%2Fwp%2Fv2%2Fcategories&post=3644"},{"taxonomy":"post_tag","embeddable":true,"href":"https:\/\/dekkbi.com\/index.php?rest_route=%2Fwp%2Fv2%2Ftags&post=3644"}],"curies":[{"name":"wp","href":"https:\/\/api.w.org\/{rel}","templated":true}]}}