{"id":36413,"date":"2024-05-17T08:49:19","date_gmt":"2024-05-17T08:49:19","guid":{"rendered":"https:\/\/dekkbi.com\/?p=36413"},"modified":"2024-05-17T08:56:05","modified_gmt":"2024-05-17T08:56:05","slug":"ousmane-sonko-estime-quil-faut-reevaluer-les-relations-franco-senegalaises","status":"publish","type":"post","link":"https:\/\/dekkbi.com\/?p=36413","title":{"rendered":"Ousmane Sonko estime qu\u2019il faut \u201dr\u00e9\u00e9valuer les relations franco-s\u00e9n\u00e9galaises\u201d"},"content":{"rendered":"\n<p>Dakar, 16 mai (APS) \u2013 Le pr\u00e9sident du parti Patriotes africains du S\u00e9n\u00e9gal pour le travail, l\u2019\u00e9thique et la fraternit\u00e9 (PASTEF-Les patriotes), Ousmane Sonko, a estim\u00e9, jeudi, qu\u2019il fallait \u201dr\u00e9\u00e9valuer les relations entre la France et le S\u00e9n\u00e9gal, et entre la France et l\u2019Afrique globalement\u2019\u2019.<\/p>\n\n\n\n<p>\u2018\u2019Il nous faut des relations bas\u00e9es sur la justice, un dialogue sinc\u00e8rement authentique, franc et fond\u00e9 sur le respect mutuel entre la France et le S\u00e9n\u00e9gal, et entre la France et l\u2019Afrique globalement\u2019\u2019, a-t-il d\u00e9clar\u00e9 dans un amphith\u00e9\u00e2tre de l\u2019universit\u00e9 Cheikh-Anta-Diop de Dakar rempli comme un \u0153uf.<\/p>\n\n\n\n<p>Ousmane Sonko s\u2019exprimait dans le cadre d\u2019une conf\u00e9rence qu\u2019il coanimait avec Jean-Luc M\u00e9lenchon, le leader du parti fran\u00e7ais de gauche, La France Insoumise (LFI) sur le th\u00e8me&nbsp;: \u2018\u2019\u00c9changes sur l\u2019avenir des relations Afrique-Europe\u2019\u2019.<\/p>\n\n\n\n<p>Le leader des \u2018\u2019Insoumis\u2019\u2019 et sa d\u00e9l\u00e9gation sont arriv\u00e9s au S\u00e9n\u00e9gal jeudi pour un s\u00e9jour de quatre jours \u00e0 l\u2019invitation du PASTEF (pouvoir).<\/p>\n\n\n\n<p>Pour Ousmane Sonko, les relations entre l\u2019Europe et l\u2019Afrique, entre la France et l\u2019Afrique et particuli\u00e8rement entre la France et le S\u00e9n\u00e9gal n\u2019ont pas toujours \u00e9t\u00e9 ax\u00e9es sur le respect mutuel.<\/p>\n\n\n\n<p>\u201dElles ont jusque-l\u00e0 \u00e9t\u00e9 des relations l\u00e9onines au profit de l\u2019Europe et de la France, assises sur des sch\u00e9mas historiques de spoliation\u2019\u2019, a-t-il tranch\u00e9.<\/p>\n\n\n\n<p>Pour Ousmane Sonko, les autorit\u00e9s europ\u00e9ennes et fran\u00e7aises, ou du moins une certaine \u00e9lite politique fran\u00e7aise actuelle \u201da souvent agi vis-\u00e0-vis des anciennes colonies africaines selon une vision +focardienne+ du continent, aid\u00e9e en cela par des relais locaux entretenus par la corruption\u201d.<\/p>\n\n\n\n<p>Le Premier ministre s\u00e9n\u00e9galais, qui s\u2019entretenait ainsi avec les \u00e9tudiants de l\u2019universit\u00e9 de Dakar, en qualit\u00e9 de pr\u00e9sident de son parti politique, a soulign\u00e9 l\u2019analyse biais\u00e9e d\u2019une certaine \u00e9lite dirigeante occidentale, lorsqu\u2019elle consid\u00e8re ce qu\u2019elle qualifie de \u2018\u2019sentiment anti-occidental\u2019\u2019 de \u2018\u2019manipulations de puissances concurrentes\u2019\u2019, s\u2019est d\u00e9sol\u00e9 d\u2019une telle \u2018\u2019c\u00e9cit\u00e9\u2019\u2019 dans leur analyse.<\/p>\n\n\n\n<p>\u2018\u2019Il faut arr\u00eater les raccourcis infantilisants qui font croire que le soi-disant sentiment anti-europ\u00e9en ou anti-fran\u00e7ais ne soient pas les effets de causes cr\u00e9\u00e9es par la France et l\u2019occident\u2019\u2019, a-t-il r\u00e9torqu\u00e9.<\/p>\n\n\n\n<p>Il a en ainsi pr\u00f4n\u00e9 la \u2018\u2019transparence\u2019\u2019 comme une des bases d\u2019une nouvelle coop\u00e9ration qu\u2019il appelle de ses v\u0153ux.<\/p>\n\n\n\n<p>\u2018\u2019La transparence doit \u00eatre au c\u0153ur de nos relations au b\u00e9n\u00e9fice de nos peuples. Ensemble nous pouvons construire un avenir en commun o\u00f9 la justice, le bon sens doivent \u00eatre de mise\u2019\u2019, a indiqu\u00e9 Ousmane Sonko.<\/p>\n\n\n\n<p>C\u2019est, selon lui, dans cette perspective que les probl\u00e9matiques de l\u2019\u00e9migration, de la s\u00e9curit\u00e9, entre autres, \u201dpourront \u00eatre bien analys\u00e9es et solutionn\u00e9es\u2019\u2019, a-t-il laiss\u00e9 entendre.<\/p>\n\n\n\n<p>\u2018\u2019Et les intellectuels et les artistes doivent jouer un r\u00f4le important dans ces questions-l\u00e0\u2019\u2019, a-t-il ajout\u00e9.<\/p>\n\n\n\n<p>ABB\/OID<\/p>\n","protected":false},"excerpt":{"rendered":"<p>Dakar, 16 mai (APS) \u2013 Le pr\u00e9sident du parti Patriotes africains du S\u00e9n\u00e9gal pour le travail, l\u2019\u00e9thique et la fraternit\u00e9<\/p>\n","protected":false},"author":1,"featured_media":36414,"comment_status":"open","ping_status":"open","sticky":false,"template":"","format":"standard","meta":{"footnotes":""},"categories":[6],"tags":[],"class_list":["post-36413","post","type-post","status-publish","format-standard","has-post-thumbnail","hentry","category-politics"],"_links":{"self":[{"href":"https:\/\/dekkbi.com\/index.php?rest_route=\/wp\/v2\/posts\/36413","targetHints":{"allow":["GET"]}}],"collection":[{"href":"https:\/\/dekkbi.com\/index.php?rest_route=\/wp\/v2\/posts"}],"about":[{"href":"https:\/\/dekkbi.com\/index.php?rest_route=\/wp\/v2\/types\/post"}],"author":[{"embeddable":true,"href":"https:\/\/dekkbi.com\/index.php?rest_route=\/wp\/v2\/users\/1"}],"replies":[{"embeddable":true,"href":"https:\/\/dekkbi.com\/index.php?rest_route=%2Fwp%2Fv2%2Fcomments&post=36413"}],"version-history":[{"count":1,"href":"https:\/\/dekkbi.com\/index.php?rest_route=\/wp\/v2\/posts\/36413\/revisions"}],"predecessor-version":[{"id":36415,"href":"https:\/\/dekkbi.com\/index.php?rest_route=\/wp\/v2\/posts\/36413\/revisions\/36415"}],"wp:featuredmedia":[{"embeddable":true,"href":"https:\/\/dekkbi.com\/index.php?rest_route=\/wp\/v2\/media\/36414"}],"wp:attachment":[{"href":"https:\/\/dekkbi.com\/index.php?rest_route=%2Fwp%2Fv2%2Fmedia&parent=36413"}],"wp:term":[{"taxonomy":"category","embeddable":true,"href":"https:\/\/dekkbi.com\/index.php?rest_route=%2Fwp%2Fv2%2Fcategories&post=36413"},{"taxonomy":"post_tag","embeddable":true,"href":"https:\/\/dekkbi.com\/index.php?rest_route=%2Fwp%2Fv2%2Ftags&post=36413"}],"curies":[{"name":"wp","href":"https:\/\/api.w.org\/{rel}","templated":true}]}}