{"id":36391,"date":"2024-05-16T20:23:15","date_gmt":"2024-05-16T20:23:15","guid":{"rendered":"https:\/\/dekkbi.com\/?p=36391"},"modified":"2024-05-16T20:25:30","modified_gmt":"2024-05-16T20:25:30","slug":"suivez-la-conference-avec-ousmane-sonko-et-jean-luc-melenchon-a-dakar-sur-lavenir-des-relations-afrique-europe","status":"publish","type":"post","link":"https:\/\/dekkbi.com\/?p=36391","title":{"rendered":"Conf\u00e9rence avec Ousmane Sonko et Jean-Luc M\u00e9lenchon \u00e0 Dakar sur l&rsquo;avenir des relations Afrique-Europe !"},"content":{"rendered":"\n<p>TV avec Ousmane Sonko et Jean-Luc M\u00e9lenchon \u00e0 Dakar, portant sur l&rsquo;avenir des relations entre l&rsquo;Afrique et l&rsquo;Europe, promet d&rsquo;\u00eatre un \u00e9v\u00e9nement int\u00e9ressant et potentiellement influent.<\/p>\n\n\n\n<p>Avec deux personnalit\u00e9s politiques de renom, venant de perspectives diff\u00e9rentes mais partageant un int\u00e9r\u00eat commun pour les relations internationales, cette conf\u00e9rence pourrait offrir des insights pr\u00e9cieux sur les d\u00e9fis et les opportunit\u00e9s qui fa\u00e7onnent les liens entre les deux continents.<\/p>\n\n\n\n<p>Il sera int\u00e9ressant de voir comment Sonko, en tant que leader politique s\u00e9n\u00e9galais, et M\u00e9lenchon, en tant que figure politique fran\u00e7aise, abordent les questions telles que le d\u00e9veloppement \u00e9conomique, la coop\u00e9ration commerciale, la migration, et d&rsquo;autres enjeux cl\u00e9s qui influencent les relations entre l&rsquo;Afrique et l&rsquo;Europe.<\/p>\n\n\n\n<figure class=\"wp-block-embed is-type-video is-provider-youtube wp-block-embed-youtube wp-embed-aspect-16-9 wp-has-aspect-ratio\"><div class=\"wp-block-embed__wrapper\">\n<iframe loading=\"lazy\" title=\"EN DIRECT - Suivez la conf\u00e9rence avec Ousmane Sonko et Jean-Luc M\u00e9lenchon \u00e0 Dakar sur l&#039;avenir de\u2026\" width=\"800\" height=\"450\" src=\"https:\/\/www.youtube.com\/embed\/X22Q-rn5r84?feature=oembed\" frameborder=\"0\" allow=\"accelerometer; autoplay; clipboard-write; encrypted-media; gyroscope; picture-in-picture; web-share\" referrerpolicy=\"strict-origin-when-cross-origin\" allowfullscreen><\/iframe>\n<\/div><\/figure>\n\n\n\n<p>En particulier, les discussions sur la mani\u00e8re de renforcer les partenariats \u00e9quitables, de promouvoir le d\u00e9veloppement durable et de r\u00e9soudre les d\u00e9fis communs pourraient susciter un grand int\u00e9r\u00eat et peut-\u00eatre m\u00eame inspirer des actions concr\u00e8tes \u00e0 l&rsquo;avenir.<\/p>\n\n\n\n<p>Pour ceux qui suivent de pr\u00e8s les questions de politique internationale, cette conf\u00e9rence offre une occasion pr\u00e9cieuse d&rsquo;\u00e9couter des perspectives diverses et de participer \u00e0 un d\u00e9bat important sur l&rsquo;avenir des relations entre l&rsquo;Afrique et l&rsquo;Europe.<\/p>\n\n\n\n<p><\/p>\n\n\n\n<p><\/p>\n","protected":false},"excerpt":{"rendered":"<p>TV avec Ousmane Sonko et Jean-Luc M\u00e9lenchon \u00e0 Dakar, portant sur l&rsquo;avenir des relations entre l&rsquo;Afrique et l&rsquo;Europe, promet d&rsquo;\u00eatre<\/p>\n","protected":false},"author":1,"featured_media":36392,"comment_status":"open","ping_status":"open","sticky":false,"template":"","format":"standard","meta":{"footnotes":""},"categories":[21],"tags":[],"class_list":["post-36391","post","type-post","status-publish","format-standard","has-post-thumbnail","hentry","category-societe"],"_links":{"self":[{"href":"https:\/\/dekkbi.com\/index.php?rest_route=\/wp\/v2\/posts\/36391","targetHints":{"allow":["GET"]}}],"collection":[{"href":"https:\/\/dekkbi.com\/index.php?rest_route=\/wp\/v2\/posts"}],"about":[{"href":"https:\/\/dekkbi.com\/index.php?rest_route=\/wp\/v2\/types\/post"}],"author":[{"embeddable":true,"href":"https:\/\/dekkbi.com\/index.php?rest_route=\/wp\/v2\/users\/1"}],"replies":[{"embeddable":true,"href":"https:\/\/dekkbi.com\/index.php?rest_route=%2Fwp%2Fv2%2Fcomments&post=36391"}],"version-history":[{"count":2,"href":"https:\/\/dekkbi.com\/index.php?rest_route=\/wp\/v2\/posts\/36391\/revisions"}],"predecessor-version":[{"id":36394,"href":"https:\/\/dekkbi.com\/index.php?rest_route=\/wp\/v2\/posts\/36391\/revisions\/36394"}],"wp:featuredmedia":[{"embeddable":true,"href":"https:\/\/dekkbi.com\/index.php?rest_route=\/wp\/v2\/media\/36392"}],"wp:attachment":[{"href":"https:\/\/dekkbi.com\/index.php?rest_route=%2Fwp%2Fv2%2Fmedia&parent=36391"}],"wp:term":[{"taxonomy":"category","embeddable":true,"href":"https:\/\/dekkbi.com\/index.php?rest_route=%2Fwp%2Fv2%2Fcategories&post=36391"},{"taxonomy":"post_tag","embeddable":true,"href":"https:\/\/dekkbi.com\/index.php?rest_route=%2Fwp%2Fv2%2Ftags&post=36391"}],"curies":[{"name":"wp","href":"https:\/\/api.w.org\/{rel}","templated":true}]}}