{"id":36388,"date":"2024-05-16T19:55:13","date_gmt":"2024-05-16T19:55:13","guid":{"rendered":"https:\/\/dekkbi.com\/?p=36388"},"modified":"2024-05-16T19:55:14","modified_gmt":"2024-05-16T19:55:14","slug":"reponse-apres-la-declaration-du-nouveau-dg-du-port-de-dakar-la-replique-de-mamoudou-ibra-kane","status":"publish","type":"post","link":"https:\/\/dekkbi.com\/?p=36388","title":{"rendered":"R\u00e9ponse \u2013 Apr\u00e8s la d\u00e9claration du nouveau Dg du Port de Dakar : La r\u00e9plique de Mamoudou Ibra Kane"},"content":{"rendered":"\n<p>Mamoudou Ibra Kane a r\u00e9pondu au nouveau Dg du Port autonome de Dakar (Pad), qui pense que le nouveau r\u00e9gime ne pourra pas g\u00e9rer le pays avec des \u00abopposants milliardaires\u00bb. Une sortie que d\u00e9sapprouve le journaliste, qui invite Waly Diouf Bodian \u00e0 apporter les preuves de ses all\u00e9gations.<\/p>\n\n\n\n<p>Par Amadou MBODJI \u2013 La d\u00e9claration du nouveau Directeur g\u00e9n\u00e9ral du Port autonome de Dakar n\u2019est pas du tout du go\u00fbt de Mamoudou Ibra Kane. Le journaliste reconverti en politicien r\u00e9agit \u00e0 cette sortie du responsable du parti Pastef en d\u00e9clarant qu\u2019il est inacceptable qu\u2019une autorit\u00e9 puisse tenir de tels propos sans fondement. <\/p>\n\n\n\n<p>Leader du mouvement \u00abDemain, c\u2019est maintenant\u00bb, M. Kane invite le Dg du Pad \u00e0 \u00abpublier la liste de ces opposants milliardaires, s\u2019il en a une\u00bb. <\/p>\n\n\n\n<p>Dans le cas contraire, le pr\u00e9sident du mouvement \u00abDemain, c\u2019est maintenant\u00bb estime que Waly Diouf Bodian devait \u00eatre \u00abd\u00e9mis de ses fonctions\u00bb.<\/p>\n\n\n\n<p>Entrevoyant \u00e0 travers cette d\u00e9claration du responsable des \u00abPatriotes\u00bb \u00abune volont\u00e9 de museler des opposants avec comme bras arm\u00e9 la Justice\u00bb, le souteneur de l\u2019ancien Pm, Amadou Ba, dans un post sur X, dit comprendre la d\u00e9marche du r\u00e9gime en place : \u00abLe r\u00e9gime naissant voudrait r\u00e9duire l\u2019opposition \u00e0 sa plus simple expression qu\u2019il ne s\u2019y prendrait pas autrement.\u00bb <\/p>\n\n\n\n<p>Un paradoxe, d\u2019apr\u00e8s le journaliste, au moment o\u00f9 l\u2019opposant fran\u00e7ais Jean-Luc M\u00e9lenchon est re\u00e7u \u00e0 Dakar par les tenants du nouveau pouvoir politique au S\u00e9n\u00e9gal.Pour Mamoudou Ibra Kane, on ne devrait pas confondre redevabilit\u00e9 et r\u00e8glement de comptes.<\/p>\n\n\n\n<p> Une sortie de M. Kane qui intervient dans la foul\u00e9e de la d\u00e9claration de Waly Diouf Bodian, tout nouveau Dg du Port de Dakar. <\/p>\n\n\n\n<p>\u00abNous ne pourrons pas g\u00e9rer ce pays avec des dizaines d\u2019opposants milliardaires\u00bb, avait gliss\u00e9 M. Bodian, \u00e0 peine qu\u2019il \u00e9tait install\u00e9, ce lundi, dans ses nouvelles fonctions. Une d\u00e9claration faite le m\u00eame jour, en marge d\u2019une soir\u00e9e de gala \u00e0 Keur Massar.<\/p>\n\n\n\n<p>ambodji@lequotidien.sn<\/p>\n","protected":false},"excerpt":{"rendered":"<p>Mamoudou Ibra Kane a r\u00e9pondu au nouveau Dg du Port autonome de Dakar (Pad), qui pense que le nouveau r\u00e9gime<\/p>\n","protected":false},"author":1,"featured_media":36389,"comment_status":"open","ping_status":"open","sticky":false,"template":"","format":"standard","meta":{"footnotes":""},"categories":[26],"tags":[],"class_list":["post-36388","post","type-post","status-publish","format-standard","has-post-thumbnail","hentry","category-fait-divers"],"_links":{"self":[{"href":"https:\/\/dekkbi.com\/index.php?rest_route=\/wp\/v2\/posts\/36388","targetHints":{"allow":["GET"]}}],"collection":[{"href":"https:\/\/dekkbi.com\/index.php?rest_route=\/wp\/v2\/posts"}],"about":[{"href":"https:\/\/dekkbi.com\/index.php?rest_route=\/wp\/v2\/types\/post"}],"author":[{"embeddable":true,"href":"https:\/\/dekkbi.com\/index.php?rest_route=\/wp\/v2\/users\/1"}],"replies":[{"embeddable":true,"href":"https:\/\/dekkbi.com\/index.php?rest_route=%2Fwp%2Fv2%2Fcomments&post=36388"}],"version-history":[{"count":1,"href":"https:\/\/dekkbi.com\/index.php?rest_route=\/wp\/v2\/posts\/36388\/revisions"}],"predecessor-version":[{"id":36390,"href":"https:\/\/dekkbi.com\/index.php?rest_route=\/wp\/v2\/posts\/36388\/revisions\/36390"}],"wp:featuredmedia":[{"embeddable":true,"href":"https:\/\/dekkbi.com\/index.php?rest_route=\/wp\/v2\/media\/36389"}],"wp:attachment":[{"href":"https:\/\/dekkbi.com\/index.php?rest_route=%2Fwp%2Fv2%2Fmedia&parent=36388"}],"wp:term":[{"taxonomy":"category","embeddable":true,"href":"https:\/\/dekkbi.com\/index.php?rest_route=%2Fwp%2Fv2%2Fcategories&post=36388"},{"taxonomy":"post_tag","embeddable":true,"href":"https:\/\/dekkbi.com\/index.php?rest_route=%2Fwp%2Fv2%2Ftags&post=36388"}],"curies":[{"name":"wp","href":"https:\/\/api.w.org\/{rel}","templated":true}]}}