{"id":36380,"date":"2024-05-16T19:07:38","date_gmt":"2024-05-16T19:07:38","guid":{"rendered":"https:\/\/dekkbi.com\/?p=36380"},"modified":"2024-05-16T19:07:39","modified_gmt":"2024-05-16T19:07:39","slug":"khady-diene-gaye-sur-la-remuneration-pour-copie-privee-nous-comptons-entrer-dans-lhistoire-du-monde-des-arts","status":"publish","type":"post","link":"https:\/\/dekkbi.com\/?p=36380","title":{"rendered":"Khady Di\u00e8ne Gaye sur la r\u00e9mun\u00e9ration pour copie priv\u00e9e : \u00abNous comptons entrer dans l\u2019histoire du monde des arts\u00bb"},"content":{"rendered":"\n<p>Par Ousmane SOW \u2013 Jadis un r\u00eave, la r\u00e9mun\u00e9ration pour copie priv\u00e9e et le statut de l\u2019artiste seront bient\u00f4t une r\u00e9alit\u00e9 au S\u00e9n\u00e9gal. Un ouf de soulagement pour la Soci\u00e9t\u00e9 s\u00e9n\u00e9galaise du droit d\u2019auteur et des droits voisins (Sodav), mais aussi et surtout les artistes et professionnels de la culture qui se sont battus bec et ongles, depuis plus de 15 ans, pour aboutir \u00e0 ces r\u00e9sultats. <\/p>\n\n\n\n<p>Ainsi, la ministre de la Jeunesse, des sports et de la culture, Khady Di\u00e8ne Gaye, a exprim\u00e9 sa satisfaction quant aux efforts d\u00e9ploy\u00e9s jusqu\u2019\u00e0 pr\u00e9sent pour r\u00e9soudre ces deux questions qu\u2019elle qualifie de \u00abmesures urgentes\u00bb. <\/p>\n\n\n\n<p>Evoquant la r\u00e9mun\u00e9ration pour copie priv\u00e9e, elle a en effet promis de r\u00e9gler cette question dans un d\u00e9lai de 3 mois. Elle explique : \u00abIl faut imp\u00e9rativement durant ces 3 mois de notre gouvernance, \u00e0 l\u2019heure du bilan, que tous les artistes puissent constater qu\u2019il y a une avanc\u00e9e remarquable par rapport \u00e0 cette question-l\u00e0.\u00bb <\/p>\n\n\n\n<p>La ministre en charge de la Culture, qui s\u2019exprimait hier lors d\u2019une visite de prise de contact et de recueil d\u2019informations, mais aussi de d\u00e9clinaison des orientations strat\u00e9giques au niveau de la Sodav, a rappel\u00e9 l\u2019engagement du gouvernement \u00e0 accompagner les artistes et professionnels de la culture dans leur qu\u00eate de reconnaissance et de r\u00e9mun\u00e9ration \u00e9quitable pour leur travail. \u00abNous vous f\u00e9licitons parce que nous avons pu constater qu\u2019il y a du chemin qui a \u00e9t\u00e9 parcouru, m\u00eame s\u2019il reste beaucoup de choses \u00e0 r\u00e9aliser et \u00e0 ex\u00e9cuter. <\/p>\n\n\n\n<p>Et en ce sens-l\u00e0, vos efforts m\u00e9ritent d\u2019\u00eatre reconnus. Nous vous encourageons, et soyez rassur\u00e9s qu\u2019aucun effort ne sera m\u00e9nag\u00e9 pour vous accompagner dans la poursuite de votre mission\u00bb, a-t-elle promis, indiquant que la r\u00e9mun\u00e9ration pour copie priv\u00e9e a longtemps \u00e9t\u00e9 n\u00e9glig\u00e9e au S\u00e9n\u00e9gal, et il est temps maintenant d\u2019agir. <\/p>\n\n\n\n<p>\u00abNous nous sommes rendu compte qu\u2019ici au S\u00e9n\u00e9gal, l\u2019artiste ne se nourrissait pas vraiment de son art. Et \u00e7a c\u2019est une aberration\u00bb, d\u00e9plore-t-elle, pr\u00e9cisant \u00e9galement que les artistes ne doivent plus compter sur le soutien de l\u2019Etat pour pouvoir vivre dignement. \u00abSoyez rassur\u00e9s \u00e0 propos de cette question de copie priv\u00e9e, on a bien compris le message. <\/p>\n\n\n\n<p>Nous, le pr\u00e9sident de la R\u00e9publique, le gouvernement, avec \u00e0 sa t\u00eate le Premier ministre, comptons entrer dans l\u2019histoire du monde des arts. Et nous savons qu\u2019avec cette mesure-l\u00e0, nous entrerons dans l\u2019histoire du monde des arts \u00e0 jamais\u00bb, a-t-elle soutenu avec conviction. <\/p>\n\n\n\n<p>Dor\u00e9navant, dira-t-elle, le minist\u00e8re va organiser des rencontres p\u00e9riodiques pour suivre de pr\u00e8s l\u2019\u00e9volution de la situation et identifier les \u00e9ventuels obstacles dans le secteur de la culture.<\/p>\n\n\n\n<p>Du c\u00f4t\u00e9 de la Sodav, Aly Bathily se r\u00e9jouit aussi de cette visite tant attendue, o\u00f9 les paroles se transforment en actions concr\u00e8tes. \u00abL\u00e0 c\u2019est clair, ils nous ont dit que dans 3 mois, la r\u00e9mun\u00e9ration pour copie priv\u00e9e et le statut de l\u2019artiste seront effectifs. C\u2019est quelque chose de concret, de solide qu\u2019ils nous ont mis entre les mains.<\/p>\n\n\n\n<p> Donc, nous en sommes satisfaits et nous les croyons \u00e0 1000%\u00bb, explique le Directeur g\u00e9n\u00e9ral de la Sodav.<\/p>\n\n\n\n<p>LEQUOTIDIEN <\/p>\n","protected":false},"excerpt":{"rendered":"<p>Par Ousmane SOW \u2013 Jadis un r\u00eave, la r\u00e9mun\u00e9ration pour copie priv\u00e9e et le statut de l\u2019artiste seront bient\u00f4t une<\/p>\n","protected":false},"author":1,"featured_media":36381,"comment_status":"open","ping_status":"open","sticky":false,"template":"","format":"standard","meta":{"footnotes":""},"categories":[3],"tags":[],"class_list":["post-36380","post","type-post","status-publish","format-standard","has-post-thumbnail","hentry","category-event-more-news"],"_links":{"self":[{"href":"https:\/\/dekkbi.com\/index.php?rest_route=\/wp\/v2\/posts\/36380","targetHints":{"allow":["GET"]}}],"collection":[{"href":"https:\/\/dekkbi.com\/index.php?rest_route=\/wp\/v2\/posts"}],"about":[{"href":"https:\/\/dekkbi.com\/index.php?rest_route=\/wp\/v2\/types\/post"}],"author":[{"embeddable":true,"href":"https:\/\/dekkbi.com\/index.php?rest_route=\/wp\/v2\/users\/1"}],"replies":[{"embeddable":true,"href":"https:\/\/dekkbi.com\/index.php?rest_route=%2Fwp%2Fv2%2Fcomments&post=36380"}],"version-history":[{"count":1,"href":"https:\/\/dekkbi.com\/index.php?rest_route=\/wp\/v2\/posts\/36380\/revisions"}],"predecessor-version":[{"id":36382,"href":"https:\/\/dekkbi.com\/index.php?rest_route=\/wp\/v2\/posts\/36380\/revisions\/36382"}],"wp:featuredmedia":[{"embeddable":true,"href":"https:\/\/dekkbi.com\/index.php?rest_route=\/wp\/v2\/media\/36381"}],"wp:attachment":[{"href":"https:\/\/dekkbi.com\/index.php?rest_route=%2Fwp%2Fv2%2Fmedia&parent=36380"}],"wp:term":[{"taxonomy":"category","embeddable":true,"href":"https:\/\/dekkbi.com\/index.php?rest_route=%2Fwp%2Fv2%2Fcategories&post=36380"},{"taxonomy":"post_tag","embeddable":true,"href":"https:\/\/dekkbi.com\/index.php?rest_route=%2Fwp%2Fv2%2Ftags&post=36380"}],"curies":[{"name":"wp","href":"https:\/\/api.w.org\/{rel}","templated":true}]}}