{"id":36372,"date":"2024-05-16T18:55:24","date_gmt":"2024-05-16T18:55:24","guid":{"rendered":"https:\/\/dekkbi.com\/?p=36372"},"modified":"2024-05-16T18:55:24","modified_gmt":"2024-05-16T18:55:24","slug":"la-ville-de-thies-integre-le-ca-de-lorganisation-des-capitales-et-villes-islamiques","status":"publish","type":"post","link":"https:\/\/dekkbi.com\/?p=36372","title":{"rendered":"La ville de Thi\u00e8s int\u00e8gre le CA de l\u2019Organisation des capitales et villes islamiques"},"content":{"rendered":"\n<p>Thi\u00e8s, (APS) \u2013 La ville de Thi\u00e8s a \u00e9t\u00e9 \u00e9lue membre du conseil d\u2019administration de l\u2019Organisation des capitales et villes islamiques ( OCVI), a appris l\u2019APS de l\u2019institution municipale.<\/p>\n\n\n\n<p>\u201cLa Ville de Thi\u00e8s vient d\u2019\u00eatre \u00e9lue parmi les 27 membres du Conseil d\u2019administration (CA) de l\u2019Organisation des capitales et villes islamiques ( OCVI)\u201c, rel\u00e8ve notamment la cellule de communication de sa mairie.<\/p>\n\n\n\n<p>La ville de Thi\u00e8s a int\u00e9gr\u00e9 cette instance de l\u2019OCVI, lors de sa 15-\u00e8me session, qui s\u2019est tenue du lundi 13 au mercredi 15  mai \u00e0 Konya, en Turquie.<\/p>\n\n\n\n<p>Les travaux de l\u2019OCVI ont port\u00e9 sur le th\u00e8me de \u201cla gestion durable des d\u00e9chets\u201d.Selon la m\u00eame source, le maire Babacar Diop, qui a pris part \u00e0 cette rencontre, compte pr\u00e9senter la candidature de Thi\u00e8s pour accueillir la prochaine session de la Conf\u00e9rence g\u00e9n\u00e9rale de l\u2019OCVI.<\/p>\n\n\n\n<p>La candidature de Thi\u00e8s sera examin\u00e9e lors de la prochaine r\u00e9union du CA pr\u00e9vue \u00e0 Rabat.L\u2019OCVI, dont le si\u00e8ge est \u00e0 Djeddah, en Arabie Saoudite, est une organisation internationale \u00e0 but non lucratif, affili\u00e9e \u00e0 l\u2019Organisation de coop\u00e9ration islamique (OCI).<\/p>\n\n\n\n<p>Ses activit\u00e9s portent surtout sur le d\u00e9veloppement durable dans des villes et capitales de la cinquantaine de pays membres de l\u2019OCI.<\/p>\n\n\n\n<p>ADI\/ASG<\/p>\n","protected":false},"excerpt":{"rendered":"<p>Thi\u00e8s, (APS) \u2013 La ville de Thi\u00e8s a \u00e9t\u00e9 \u00e9lue membre du conseil d\u2019administration de l\u2019Organisation des capitales et villes<\/p>\n","protected":false},"author":1,"featured_media":36373,"comment_status":"open","ping_status":"open","sticky":false,"template":"","format":"standard","meta":{"footnotes":""},"categories":[21],"tags":[],"class_list":["post-36372","post","type-post","status-publish","format-standard","has-post-thumbnail","hentry","category-societe"],"_links":{"self":[{"href":"https:\/\/dekkbi.com\/index.php?rest_route=\/wp\/v2\/posts\/36372","targetHints":{"allow":["GET"]}}],"collection":[{"href":"https:\/\/dekkbi.com\/index.php?rest_route=\/wp\/v2\/posts"}],"about":[{"href":"https:\/\/dekkbi.com\/index.php?rest_route=\/wp\/v2\/types\/post"}],"author":[{"embeddable":true,"href":"https:\/\/dekkbi.com\/index.php?rest_route=\/wp\/v2\/users\/1"}],"replies":[{"embeddable":true,"href":"https:\/\/dekkbi.com\/index.php?rest_route=%2Fwp%2Fv2%2Fcomments&post=36372"}],"version-history":[{"count":1,"href":"https:\/\/dekkbi.com\/index.php?rest_route=\/wp\/v2\/posts\/36372\/revisions"}],"predecessor-version":[{"id":36374,"href":"https:\/\/dekkbi.com\/index.php?rest_route=\/wp\/v2\/posts\/36372\/revisions\/36374"}],"wp:featuredmedia":[{"embeddable":true,"href":"https:\/\/dekkbi.com\/index.php?rest_route=\/wp\/v2\/media\/36373"}],"wp:attachment":[{"href":"https:\/\/dekkbi.com\/index.php?rest_route=%2Fwp%2Fv2%2Fmedia&parent=36372"}],"wp:term":[{"taxonomy":"category","embeddable":true,"href":"https:\/\/dekkbi.com\/index.php?rest_route=%2Fwp%2Fv2%2Fcategories&post=36372"},{"taxonomy":"post_tag","embeddable":true,"href":"https:\/\/dekkbi.com\/index.php?rest_route=%2Fwp%2Fv2%2Ftags&post=36372"}],"curies":[{"name":"wp","href":"https:\/\/api.w.org\/{rel}","templated":true}]}}