{"id":36366,"date":"2024-05-16T10:52:20","date_gmt":"2024-05-16T10:52:20","guid":{"rendered":"https:\/\/dekkbi.com\/?p=36366"},"modified":"2024-05-16T10:52:20","modified_gmt":"2024-05-16T10:52:20","slug":"le-mouvement-citoyen-va-desormais-travailler-sur-le-rearmement-moral-des-jeunes-presidente","status":"publish","type":"post","link":"https:\/\/dekkbi.com\/?p=36366","title":{"rendered":"Le \u201dMouvement citoyen\u201d va d\u00e9sormais travailler sur \u201cle r\u00e9armement moral des jeunes\u2019\u2019 (pr\u00e9sidente)"},"content":{"rendered":"\n<p>Dakar,  (APS) \u2013 La pr\u00e9sidente du \u201dMouvement citoyen\u201d, Penda Mbow, a annonc\u00e9, mercredi, \u00e0 Dakar, la reprise des activit\u00e9s de cette structure qui va travailler d\u00e9sormais sur \u201cle r\u00e9armement moral des jeunes, le changement de mentalit\u00e9 des femmes, le renforcement de la citoyennet\u00e9, les contre-pouvoirs en d\u00e9mocratie\u201d.<\/p>\n\n\n\n<p>Le \u201dMouvement citoyen\u201d a \u00e9t\u00e9 cr\u00e9\u00e9 en 2002 avec comme objectif le renforcement du leadership politique et intellectuel des jeunes, a rappel\u00e9 sa pr\u00e9sidente, professeur d\u2019histoire \u00e0 l\u2019universit\u00e9 Cheikh Anta Diop de Dakar.<\/p>\n\n\n\n<p>Evoquant \u2018\u2019l\u2019entr\u00e9e du S\u00e9n\u00e9gal dans une nouvelle \u00e8re\u2019\u2019 avec l\u2019\u00e9lection du pr\u00e9sident Bassirou Diomaye Faye \u00e0 la magistrature supr\u00eame, elle a d\u00e9clin\u00e9 les nouvelles orientations de son mouvement lors d\u2019une conf\u00e9rence de presse organis\u00e9e au WARC (West African Research Center), \u00e0 Dakar.<\/p>\n\n\n\n<p>Penda Mbow souligne que depuis l\u2019an 2000, le S\u00e9n\u00e9gal conna\u00eet d\u2019intenses bouleversements au plan politique, ainsi qu\u2019en termes de r\u00e9flexion, de propositions et de revendications r\u00e9currentes.<\/p>\n\n\n\n<p>Elle estime qu\u2019il est imp\u00e9ratif de continuer l\u2019approfondissement du syst\u00e8me d\u00e9mocratique et d\u2019\u0153uvrer \u00e0 la transparence dans la gestion des affaires publiques. Elle d\u00e9clar\u00e9 qu\u2019il existe au S\u00e9n\u00e9gal \u2018\u2019une grande confusion entre bien public et bien priv\u00e9\u2019\u2019. \u2018\u2019Pour le citoyen, il y a urgence \u00e0 d\u00e9finir les r\u00e8gles dans la gestion de l\u2019espace publique\u2019\u2019, affirme-t-elle.<\/p>\n\n\n\n<p>Penda Mbow pr\u00e9conise l\u2019audit du patrimoine historique, du patrimoine b\u00e2ti de l\u2019Etat, soulignant que \u2018\u2019la reddition des comptes est devenu un imp\u00e9ratif cat\u00e9gorique\u2019\u2019.<\/p>\n\n\n\n<p>Selon elle, \u201dla transparence tant d\u00e9sir\u00e9e\u2019\u2019 exige des ruptures essentielles et une \u00e9quit\u00e9 dans la redistribution des ressources. Elle appelle \u00e0 s\u2019interroger sur l\u2019existence des caisses noires, des fonds communs, la neutralit\u00e9 de l\u2019administration et des fonctionnaires des r\u00e9gies financi\u00e8res, la fin du client\u00e9lisme qui, selon elle, est \u2018\u2019la source premi\u00e8re de la corruption\u2019\u2019.<\/p>\n\n\n\n<p>Elle pense que \u201dla rationalisation du jeu institutionnel rel\u00e8ve d\u2019un besoin de r\u00e9\u00e9quilibrage du rapport de force entre ex\u00e9cutif et l\u00e9gislatif\u2019\u2019. \u2018\u2019C\u2019est le contexte qui l\u2019impose apr\u00e8s tant de violence, d\u2019abus mais aussi un environnement pas tr\u00e8s favorable \u00e0 la r\u00e9invention de la d\u00e9mocratie\u2019\u2019, a-t-elle dit.<\/p>\n\n\n\n<p>Elle annonce que le \u201dMouvement citoyen\u201d va travailler d\u00e9sormais sur \u201cle r\u00e9armement moral des jeunes, le changement de mentalit\u00e9 des femmes\u2019\u2019, entre autres.<\/p>\n\n\n\n<p>Concernant les femmes, Penda Mbow soutient que \u2018\u2019leurs droits se sont construits sur plusieurs d\u00e9cennies de lutte, cependant, elles ont besoin d\u2019un changement de mentalit\u00e9s pour atteindre leurs objectifs\u2019\u2019.<\/p>\n\n\n\n<p>AFD\/OID<\/p>\n","protected":false},"excerpt":{"rendered":"<p>Dakar, (APS) \u2013 La pr\u00e9sidente du \u201dMouvement citoyen\u201d, Penda Mbow, a annonc\u00e9, mercredi, \u00e0 Dakar, la reprise des activit\u00e9s de<\/p>\n","protected":false},"author":1,"featured_media":36367,"comment_status":"open","ping_status":"open","sticky":false,"template":"","format":"standard","meta":{"footnotes":""},"categories":[3],"tags":[],"class_list":["post-36366","post","type-post","status-publish","format-standard","has-post-thumbnail","hentry","category-event-more-news"],"_links":{"self":[{"href":"https:\/\/dekkbi.com\/index.php?rest_route=\/wp\/v2\/posts\/36366","targetHints":{"allow":["GET"]}}],"collection":[{"href":"https:\/\/dekkbi.com\/index.php?rest_route=\/wp\/v2\/posts"}],"about":[{"href":"https:\/\/dekkbi.com\/index.php?rest_route=\/wp\/v2\/types\/post"}],"author":[{"embeddable":true,"href":"https:\/\/dekkbi.com\/index.php?rest_route=\/wp\/v2\/users\/1"}],"replies":[{"embeddable":true,"href":"https:\/\/dekkbi.com\/index.php?rest_route=%2Fwp%2Fv2%2Fcomments&post=36366"}],"version-history":[{"count":1,"href":"https:\/\/dekkbi.com\/index.php?rest_route=\/wp\/v2\/posts\/36366\/revisions"}],"predecessor-version":[{"id":36368,"href":"https:\/\/dekkbi.com\/index.php?rest_route=\/wp\/v2\/posts\/36366\/revisions\/36368"}],"wp:featuredmedia":[{"embeddable":true,"href":"https:\/\/dekkbi.com\/index.php?rest_route=\/wp\/v2\/media\/36367"}],"wp:attachment":[{"href":"https:\/\/dekkbi.com\/index.php?rest_route=%2Fwp%2Fv2%2Fmedia&parent=36366"}],"wp:term":[{"taxonomy":"category","embeddable":true,"href":"https:\/\/dekkbi.com\/index.php?rest_route=%2Fwp%2Fv2%2Fcategories&post=36366"},{"taxonomy":"post_tag","embeddable":true,"href":"https:\/\/dekkbi.com\/index.php?rest_route=%2Fwp%2Fv2%2Ftags&post=36366"}],"curies":[{"name":"wp","href":"https:\/\/api.w.org\/{rel}","templated":true}]}}