{"id":36363,"date":"2024-05-16T10:48:26","date_gmt":"2024-05-16T10:48:26","guid":{"rendered":"https:\/\/dekkbi.com\/?p=36363"},"modified":"2024-05-16T10:48:27","modified_gmt":"2024-05-16T10:48:27","slug":"des-soutiens-a-la-palestine-reclament-larret-de-lintervention-meurtriere-israelienne-a-gaza","status":"publish","type":"post","link":"https:\/\/dekkbi.com\/?p=36363","title":{"rendered":"Des soutiens \u00e0 la Palestine r\u00e9clament l\u2019arr\u00eat de l\u2019intervention meurtri\u00e8re isra\u00e9lienne \u00e0 Gaza"},"content":{"rendered":"\n<p>Dakar,  (APS) \u2013 Des universitaires et membres du Comit\u00e9 Palestine S\u00e9n\u00e9gal se sont \u00e9lev\u00e9s, mercredi \u00e0 Dakar, contre l\u2019intervention meurtri\u00e8re de l\u2019arm\u00e9e isra\u00e9lienne dans le territoire palestinien de Gaza, et r\u00e9clam\u00e9 l\u2019arr\u00eat de ce qu\u2019ils consid\u00e8rent comme un g\u00e9nocide contre le peuple palestinien.<\/p>\n\n\n\n<p>\u2018\u2019Le Comit\u00e9 Palestine S\u00e9n\u00e9gal exige l\u2019arr\u00eat total, imm\u00e9diat et sans condition du g\u00e9nocide, des crimes de guerres et des crimes contre l\u2019humanit\u00e9 perp\u00e9tr\u00e9s par l\u2019arm\u00e9e d\u2019Isra\u00ebl \u00e0 Gaza\u2019\u2019, a d\u00e9clar\u00e9 Serigne Modou Thiam, un membre dudit comit\u00e9 lors d\u2019une conf\u00e9rence de presse.<\/p>\n\n\n\n<p>Cette rencontre avec les journalistes s\u2019inscrit dans le cadre de la comm\u00e9moration du 76<sup>e<\/sup>&nbsp;anniversaire de l\u2019occupation de la Palestine. L\u2019\u00e9dition 2024 de cette comm\u00e9moration se tient alors que le territoire palestinien de la bande de Gaza subit, depuis plus de 7 mois, une intervention de l\u2019arm\u00e9e isra\u00e9lienne.<\/p>\n\n\n\n<p>Les bombardements et assauts militaires lanc\u00e9s par Isra\u00ebl en riposte \u00e0 une attaque perp\u00e9tr\u00e9e en territoire isra\u00e9lien par le Hamas, le mouvement palestinien qui administre la bande de Gaza a caus\u00e9 la mort de pr\u00e8s de 40. 000 personnes, des femmes et des enfants en majorit\u00e9, d\u2019apr\u00e8s les donn\u00e9es actualis\u00e9es des autorit\u00e9s sanitaires locales.<\/p>\n\n\n\n<p>Le responsable du Comit\u00e9 Palestine S\u00e9n\u00e9gal a insist\u00e9 sur le fait que ce nouveau d\u00e9veloppement s\u2019inscrit dans une longue s\u00e9rie d\u2019injustices que le peuple martyr de la Palestine vit depuis 1948, l\u2019ann\u00e9e de la proclamation de l\u2019Etat d\u2019Isra\u00ebl.<\/p>\n\n\n\n<p>Serigne Modou Thiam a rappel\u00e9 qu\u2019en 1948 d\u00e9j\u00e0, \u2018\u2019plus de sept cent mille (700 000) Palestiniens avaient \u00e9t\u00e9 d\u00e9plac\u00e9s de force de leurs foyers, transformant une grande partie de la population palestinienne en r\u00e9fugi\u00e9s et apatrides\u2019\u2019.<\/p>\n\n\n\n<p>Lisant la d\u00e9claration faite par le Comit\u00e9 Palestine S\u00e9n\u00e9gal, M. Thiam a soulign\u00e9 la n\u00e9cessit\u00e9 d\u2019accro\u00eetre les efforts allant dans le sens de la cr\u00e9ation d\u2019un \u00c9tat palestinien libre et ind\u00e9pendant conform\u00e9ment aux r\u00e9solutions des Nations Unies.<\/p>\n\n\n\n<p>Bamar Gu\u00e8ye Directeur ex\u00e9cutif de l\u2019ONG Jamra, Abdou hashish Munzer, diplomate palestinien, Cheikh Sadibou Dia, historien, Mamadou Mbodji, Pascal Ndong, conseiller d\u2019ambassade, Dr Awa Ly Tall, les femmes s\u00e9n\u00e9galaises de la diaspora, Ch\u00e9rif Mballo, Secr\u00e9taire g\u00e9n\u00e9ral de la Campagne s\u00e9n\u00e9galaise pour la d\u00e9fense d\u2019Al Qods et la Palestine ont tour \u00e0 tour pris la parole pour condamner les crimes de masse commis par Isra\u00ebl.<\/p>\n\n\n\n<p>Il n\u2019a pas manqu\u00e9 d\u2019inviter tous les acteurs \u00e0 rester engag\u00e9s et mobilis\u00e9s en faveur de la recherche d\u2019une paix juste, respectant le droit \u00e0 l\u2019autod\u00e9termination et \u00e0 l\u2019ind\u00e9pendance du peuple palestinien\u2019\u2019.<\/p>\n\n\n\n<p>Les militants de la cause palestinienne ont en m\u00eame temps exhort\u00e9 la communaut\u00e9 internationale et l\u2019Organisation de la coop\u00e9ration islamique (OCI) \u00e0 trouver une solution rapide et durable \u00e0 la crise humanitaire en cours \u00e0 Gaza, laquelle traduit \u2018\u2019une volont\u00e9 manifeste d\u2019extermination du peuple palestinien\u2019\u2019.<\/p>\n\n\n\n<p>Prenant part \u00e0 la rencontre, des universitaires, acteurs de la soci\u00e9t\u00e9 civile, diplomates ont, \u00e0 l\u2019unanimit\u00e9, condamn\u00e9 l\u2019intervention militaire isra\u00e9lienne \u00e0 Gaza, n\u2019h\u00e9sitant pas \u00e0 leur tour d\u2019\u00e9voquer le terme de g\u00e9nocide.<\/p>\n\n\n\n<p>Le Directeur ex\u00e9cutif d\u2019Amnesty S\u00e9n\u00e9gal, Seydi Gassama, a par exemple d\u00e9nonc\u00e9 \u2018\u2019l\u2019hypocrisie des pays occidentaux devant l\u2019attitude de l\u2019Etat d\u2019Isra\u00ebl\u2019\u2019.<\/p>\n\n\n\n<p>\u2018\u2019Cela fait 76 ans que les isra\u00e9liens ont chass\u00e9 les Palestiniens de leurs terres. Cela a entra\u00een\u00e9 un d\u00e9placement massif de plus de 800 mille palestiniens. Isra\u00ebl fait ce qu\u2019il veut en totale impunit\u00e9\u2019\u2019, a-t-il d\u00e9plor\u00e9.<\/p>\n\n\n\n<p>\u2018\u2019On ne peut pas condamner l\u2019attaque du Hamas [car] sans la r\u00e9sistance on ne parlerait plus de peule palestinien. (\u2026) Isra\u00ebl n\u2019aurait jamais eu \u00e0 commettre toutes les impunit\u00e9s sans le soutien des grandes puissances notamment des \u00c9tats-Unis\u2019\u2019, a tranch\u00e9 Gassama.<\/p>\n\n\n\n<p>Il salu\u00e9 l\u2019indignation, devenue plan\u00e9taire, face \u00e0 la situation en cours en Palestine, tout en invitant les autorit\u00e9s s\u00e9n\u00e9galaises \u00e0 prendre exemple sur les initiatives courageuses prises par l\u2019Afrique du Sud\u2019\u2019, qui a port\u00e9 l\u2019affaire devant la Cour internationale de justice.<\/p>\n\n\n\n<p>Le professeur Babacar Samb, ancien ambassadeur du S\u00e9n\u00e9gal en \u00c9gypte, a abond\u00e9 dans le m\u00eame sens estimant que le S\u00e9n\u00e9gal devait \u00eatre en pole position avec l\u2019Afrique du Sud dans cette lutte.<\/p>\n\n\n\n<p>Apr\u00e8s avoir salu\u00e9 le discours du Pr\u00e9sident de la R\u00e9publique lors du 15 \u00e8me Sommet de l\u2019OCI \u00e0 Banjul, M. Samb pense que \u2018\u2019le S\u00e9n\u00e9gal doit de fa\u00e7on graduelle geler ses relations diplomatiques\u2019\u2019 avec l\u2019Isra\u00ebl.<\/p>\n\n\n\n<p>Pour ce faire, le Professeur Moustapha Ly, enseignant-chercheur au d\u00e9partement arabe et civilisations islamique est d\u2019avis qu\u2019il faut une mobilisation populaire pour que \u2018\u2019cela ait un impact sur les gouvernants\u2019\u2019.<\/p>\n\n\n\n<p>L\u2019enseignant-chercheur voit dans la question palestinienne trois dimensions (arabe, islamique et humaine) et qualifie la situation d\u2019insulte \u00e0 la dignit\u00e9 humaine.<\/p>\n\n\n\n<p>Mouhamadou Barro, coordonnateur du Comit\u00e9 Palestine S\u00e9n\u00e9gal, a de son c\u00f4t\u00e9 annonc\u00e9 une s\u00e9rie d\u2019activit\u00e9s en collaboration avec l\u2019ensemble des mouvements de soutien \u00e0 la cause palestinienne.<\/p>\n\n\n\n<figure class=\"wp-block-image\"><img decoding=\"async\" src=\"https:\/\/aps.sn\/wp-content\/uploads\/2024\/05\/xpalestine2.jpg.pagespeed.ic.68Ygs0Ji_l.webp\" alt=\"\" class=\"wp-image-134193\"\/><\/figure>\n\n\n\n<p>FD\/AKS\/OID<\/p>\n","protected":false},"excerpt":{"rendered":"<p>Dakar, (APS) \u2013 Des universitaires et membres du Comit\u00e9 Palestine S\u00e9n\u00e9gal se sont \u00e9lev\u00e9s, mercredi \u00e0 Dakar, contre l\u2019intervention meurtri\u00e8re<\/p>\n","protected":false},"author":1,"featured_media":36364,"comment_status":"open","ping_status":"open","sticky":false,"template":"","format":"standard","meta":{"footnotes":""},"categories":[21],"tags":[],"class_list":["post-36363","post","type-post","status-publish","format-standard","has-post-thumbnail","hentry","category-societe"],"_links":{"self":[{"href":"https:\/\/dekkbi.com\/index.php?rest_route=\/wp\/v2\/posts\/36363","targetHints":{"allow":["GET"]}}],"collection":[{"href":"https:\/\/dekkbi.com\/index.php?rest_route=\/wp\/v2\/posts"}],"about":[{"href":"https:\/\/dekkbi.com\/index.php?rest_route=\/wp\/v2\/types\/post"}],"author":[{"embeddable":true,"href":"https:\/\/dekkbi.com\/index.php?rest_route=\/wp\/v2\/users\/1"}],"replies":[{"embeddable":true,"href":"https:\/\/dekkbi.com\/index.php?rest_route=%2Fwp%2Fv2%2Fcomments&post=36363"}],"version-history":[{"count":1,"href":"https:\/\/dekkbi.com\/index.php?rest_route=\/wp\/v2\/posts\/36363\/revisions"}],"predecessor-version":[{"id":36365,"href":"https:\/\/dekkbi.com\/index.php?rest_route=\/wp\/v2\/posts\/36363\/revisions\/36365"}],"wp:featuredmedia":[{"embeddable":true,"href":"https:\/\/dekkbi.com\/index.php?rest_route=\/wp\/v2\/media\/36364"}],"wp:attachment":[{"href":"https:\/\/dekkbi.com\/index.php?rest_route=%2Fwp%2Fv2%2Fmedia&parent=36363"}],"wp:term":[{"taxonomy":"category","embeddable":true,"href":"https:\/\/dekkbi.com\/index.php?rest_route=%2Fwp%2Fv2%2Fcategories&post=36363"},{"taxonomy":"post_tag","embeddable":true,"href":"https:\/\/dekkbi.com\/index.php?rest_route=%2Fwp%2Fv2%2Ftags&post=36363"}],"curies":[{"name":"wp","href":"https:\/\/api.w.org\/{rel}","templated":true}]}}