{"id":36303,"date":"2024-05-13T11:45:37","date_gmt":"2024-05-13T11:45:37","guid":{"rendered":"https:\/\/dekkbi.com\/?p=36303"},"modified":"2024-05-13T11:45:38","modified_gmt":"2024-05-13T11:45:38","slug":"election-en-catalogne-les-independantistes-perdent-leur-majorite-face-aux-socialistes","status":"publish","type":"post","link":"https:\/\/dekkbi.com\/?p=36303","title":{"rendered":"\u00c9lection en Catalogne: les ind\u00e9pendantistes perdent leur majorit\u00e9 face aux socialistes"},"content":{"rendered":"\n<p>Les partis ind\u00e9pendantistes, qui dirigent la Catalogne depuis une d\u00e9cennie, ont perdu ce dimanche 12 mai leur majorit\u00e9 au parlement r\u00e9gional. Ce scrutin a \u00e9t\u00e9 remport\u00e9 par les socialistes du Premier ministre espagnol Pedro Sanchez, six ans et demi apr\u00e8s la tentative de s\u00e9cession de 2017.<\/p>\n\n\n\n<p>En\u00a0<strong>Catalogne<\/strong>, apr\u00e8s le d\u00e9pouillement de plus de 98% des bulletins de vote, les trois formations ind\u00e9pendantistes dont celle de Carles Puigdemont, qui disposaient jusqu\u2019ici de la majorit\u00e9 au parlement r\u00e9gional, n\u2019ont obtenu que 59 si\u00e8ges. C\u2019est la premi\u00e8re fois depuis 1984 qu\u2019elles sont d\u00e9pourvues de la majorit\u00e9.<\/p>\n\n\n\n<p>Les socialistes, eux, obtiennent 42 si\u00e8ges, soit neuf de plus qu\u2019\u00e0 l\u2019\u00e9lection derni\u00e8re. Cette victoire des socialistes met fin \u00e0 une d\u00e9cennie de gouvernements s\u00e9paratistes. Avec une majorit\u00e9 absolue de 68 si\u00e8ges, la formation d\u2019une coalition gouvernementale para\u00eet toutefois in\u00e9vitable.<\/p>\n\n\n\n<p>Dans le d\u00e9tail, le parti de\u00a0<strong>Carles Puigdemont<\/strong>, Junts per Catalunya (Ensemble pour la Catalogne), a remport\u00e9 35 si\u00e8ges. L\u2019autre grand parti s\u00e9paratiste, ERC (Gauche r\u00e9publicaine de Catalogne) de l\u2019actuel pr\u00e9sident r\u00e9gional Pere Aragon\u00e8s, a lui perdu beaucoup de terrain et obtient 20 si\u00e8ges tandis que l\u2019autre parti ind\u00e9pendantiste d\u2019extr\u00eame gauche CUP a obtenu quatre si\u00e8ges. Lors du pr\u00e9c\u00e9dent scrutin r\u00e9gional en f\u00e9vrier 2021, ces trois formations avaient obtenu au total 74 si\u00e8ges, permettant au bloc ind\u00e9pendantiste de continuer \u00e0 diriger la r\u00e9gion.<\/p>\n\n\n\n<h2 class=\"wp-block-heading\">Un jeu d\u2019alliances<\/h2>\n\n\n\n<p>Arriv\u00e9s nettement en t\u00eate, les socialistes de Pedro Sanchez devront trouver des alli\u00e9s pour se hisser au pouvoir dans la r\u00e9gion. L\u2019hypoth\u00e8se la plus cit\u00e9e par les analystes est une alliance avec l\u2019extr\u00eame gauche, avec qui Pedro Sanchez gouverne l\u2019Espagne, mais aussi avec ERC,\u00a0le parti le plus mod\u00e9r\u00e9 chez les ind\u00e9pendantistes, qui\u00a0<strong>a perdu beaucoup de terrain<\/strong>\u00a0lors de ce scrutin. \u00c0 elles trois, ces formations disposeraient tout juste de la majorit\u00e9 absolue de 68 si\u00e8ges.<\/p>\n\n\n\n<p>Sur le papier le gouvernement espagnol du socialiste Pedro Sanchez a de quoi se frotter les mains, rapporte notre correspondant \u00e0 Madrid&nbsp;<strong>Fran\u00e7ois Musseau<\/strong>. Pedro Sanchez avait fait de cette \u00e9lection un enjeu central de son mandat afin de prouver que la politique de d\u00e9tente qu\u2019il a men\u00e9e en Catalogne depuis son arriv\u00e9e au pouvoir en 2018 a port\u00e9 ses fruits et entra\u00een\u00e9 une diminution du sentiment s\u00e9paratiste dans cette r\u00e9gion de huit millions d\u2019habitants qui est l\u2019un des moteurs \u00e9conomiques et industriels du pays.<\/p>\n\n\n\n<h2 class=\"wp-block-heading\">\u00c9tablir de meilleures relations<\/h2>\n\n\n\n<p>Sa formation emporte clairement les \u00e9lections dans une r\u00e9gion historiquement domin\u00e9e par le s\u00e9paratisme. C\u2019est un changement de cycle en Catalogne qui fait les affaires du gouvernement \u00e0 Madrid. Le leader socialiste va pouvoir \u00e9tablir de meilleures relations avec cette r\u00e9gion turbulente d\u2019autant plus que son futur pr\u00e9sident Salvador Illa, est un proche qui fut un de ses plus brillants ministres, en charge de la sant\u00e9, lors de la crise du Covid.&nbsp;\u00ab&nbsp;<em>Une nouvelle \u00e8re commence en Catalogne pour am\u00e9liorer la vie des citoyens, \u00e9tendre les droits et renforcer la coexistence<\/em>&nbsp;\u00bb, a \u00e9crit sur X le Premier ministre espagnol.<\/p>\n\n\n\n<p>Pour autant, vu de Madrid, la nouvelle situation en Catalogne pr\u00e9sente deux inqui\u00e9tudes, notamment du fait de la nette mont\u00e9e de la droite et de l\u2019extr\u00eame droite, en raison de l\u2019ins\u00e9curit\u00e9 croissante. Et cela est une mauvaise nouvelle pour Pedro Sanchez. Les deux grands partis ind\u00e9pendantistes, aujourd\u2019hui affaiblis, ne vont certainement pas non plus faire de cadeaux au leader socialiste qui a absolument besoin de leur soutien pour maintenir son fragile gouvernement.<\/p>\n\n\n\n<h2 class=\"wp-block-heading\">Quel avenir pour l\u2019ind\u00e9pendantiste Puigdemont ?<\/h2>\n\n\n\n<p>Toujours sous le coup d\u2019un mandat d\u2019arr\u00eat en Espagne, Carles Puigdemont a fait campagne depuis le sud de la France et jouait gros lors de ce scrutin. Il a en effet assur\u00e9 qu\u2019il se retirerait de la politique locale s\u2019il \u00e9chouait \u00e0 retrouver le si\u00e8ge de pr\u00e9sident r\u00e9gional qu\u2019il occupait en 2017.<\/p>\n\n\n\n<p>Ces \u00e9lections ont \u00e9t\u00e9 marqu\u00e9es par ailleurs par l\u2019\u00e9mergence d\u2019une nouvelle formation s\u00e9paratiste d\u2019extr\u00eame droite, Alliance catalane, qui a remport\u00e9 deux si\u00e8ges mais avec qui les autres formations s\u00e9paratistes ont assur\u00e9 ne pas vouloir s\u2019allier.<\/p>\n\n\n\n<p>Les conservateurs du Parti Populaire (PP) ont eux fait une perc\u00e9e dans la r\u00e9gion en obtenant quinze si\u00e8ges contre trois en 2021 tandis que le parti d\u2019extr\u00eame droite Vox s\u2019est maintenu avec onze si\u00e8ges.<\/p>\n\n\n\n<p>RFI<\/p>\n","protected":false},"excerpt":{"rendered":"<p>Les partis ind\u00e9pendantistes, qui dirigent la Catalogne depuis une d\u00e9cennie, ont perdu ce dimanche 12 mai leur majorit\u00e9 au parlement<\/p>\n","protected":false},"author":1,"featured_media":36304,"comment_status":"open","ping_status":"open","sticky":false,"template":"","format":"standard","meta":{"footnotes":""},"categories":[51],"tags":[],"class_list":["post-36303","post","type-post","status-publish","format-standard","has-post-thumbnail","hentry","category-general"],"_links":{"self":[{"href":"https:\/\/dekkbi.com\/index.php?rest_route=\/wp\/v2\/posts\/36303","targetHints":{"allow":["GET"]}}],"collection":[{"href":"https:\/\/dekkbi.com\/index.php?rest_route=\/wp\/v2\/posts"}],"about":[{"href":"https:\/\/dekkbi.com\/index.php?rest_route=\/wp\/v2\/types\/post"}],"author":[{"embeddable":true,"href":"https:\/\/dekkbi.com\/index.php?rest_route=\/wp\/v2\/users\/1"}],"replies":[{"embeddable":true,"href":"https:\/\/dekkbi.com\/index.php?rest_route=%2Fwp%2Fv2%2Fcomments&post=36303"}],"version-history":[{"count":1,"href":"https:\/\/dekkbi.com\/index.php?rest_route=\/wp\/v2\/posts\/36303\/revisions"}],"predecessor-version":[{"id":36305,"href":"https:\/\/dekkbi.com\/index.php?rest_route=\/wp\/v2\/posts\/36303\/revisions\/36305"}],"wp:featuredmedia":[{"embeddable":true,"href":"https:\/\/dekkbi.com\/index.php?rest_route=\/wp\/v2\/media\/36304"}],"wp:attachment":[{"href":"https:\/\/dekkbi.com\/index.php?rest_route=%2Fwp%2Fv2%2Fmedia&parent=36303"}],"wp:term":[{"taxonomy":"category","embeddable":true,"href":"https:\/\/dekkbi.com\/index.php?rest_route=%2Fwp%2Fv2%2Fcategories&post=36303"},{"taxonomy":"post_tag","embeddable":true,"href":"https:\/\/dekkbi.com\/index.php?rest_route=%2Fwp%2Fv2%2Ftags&post=36303"}],"curies":[{"name":"wp","href":"https:\/\/api.w.org\/{rel}","templated":true}]}}