{"id":36301,"date":"2024-05-13T11:43:28","date_gmt":"2024-05-13T11:43:28","guid":{"rendered":"https:\/\/dekkbi.com\/?p=36301"},"modified":"2024-05-13T11:43:29","modified_gmt":"2024-05-13T11:43:29","slug":"cote-divoire-2025-ne-se-passera-pas-sans-nous-affirme-charles-ble-goude-en-meeting","status":"publish","type":"post","link":"https:\/\/dekkbi.com\/?p=36301","title":{"rendered":"C\u00f4te d\u2019Ivoire: \u00ab2025 ne se passera pas sans nous \u00bb, affirme Charles Bl\u00e9 Goud\u00e9 en meeting"},"content":{"rendered":"\n<p>Les personnalit\u00e9s politiques de C\u00f4te d\u2019Ivoire commencent \u00e0 abattre leurs cartes en vue de la pr\u00e9sidentielle 2025. Apr\u00e8s l\u2019ancien pr\u00e9sident Laurent Gbagbo, d\u00e9sign\u00e9 candidat du PPA-CI, le Cojep de Charles Bl\u00e9 Goud\u00e9 a effectu\u00e9 sa rentr\u00e9e politique, ce week-end \u00e0 Yamoussoukro. Mais l\u2019ancien ministre de la Jeunesse ne s\u2019est toujours pas d\u00e9clar\u00e9.<\/p>\n\n\n\n<p>Dans son discours qui a dur\u00e9 plus d\u2019une heure et demie,\u00a0<strong>Charles Bl\u00e9 Goud\u00e9<\/strong>\u00a0n\u2019a pas clairement dit s\u2019il se pr\u00e9sentait ou pas pour l\u2019\u00e9lection pr\u00e9sidentielle qui aura lieu en 2025.<\/p>\n\n\n\n<p>Mais l\u2019ex-ministre de la Jeunesse sous Laurent Gbagbo a affirm\u00e9&nbsp;: \u00ab<em>&nbsp;2025 ne se passera pas sans nous. C\u2019est une question qui est non n\u00e9gociable et je l\u2019assume.<\/em>&nbsp;\u00bb<\/p>\n\n\n\n<p>Il a invit\u00e9 ses militants et sympathisants venus nombreux \u00e0 s\u2019inscrire sur les listes \u00e9lectorales au moment venu. Il a appel\u00e9 \u00e9galement au renouvellement de la classe politique ivoirienne.<\/p>\n\n\n\n<p>Mais \u00e0 ce stade, rappelons-le, Charles Bl\u00e9 Goud\u00e9 n\u2019est ni \u00e9lecteur, ni \u00e9ligible. Ce, en raison d\u2019une condamnation \u00e0 20 ans de prison, dont il fait l\u2019objet ici en C\u00f4te d\u2019Ivoire, pour des faits li\u00e9s \u00e0 la crise post\u00e9lectorale de 2011.<\/p>\n\n\n\n<p>Charles Bl\u00e9 Goud\u00e9 a \u00e9voqu\u00e9 la question un peu plus t\u00f4t dans son message\u00a0: \u00ab\u00a0<em>Tous ceux avec lesquels j\u2019ai \u00e9t\u00e9 condamn\u00e9 sont soit graci\u00e9s ou amnisti\u00e9s, sauf moi<\/em>\u00a0\u00bb, a martel\u00e9 le pr\u00e9sident\u00a0<strong>du Cojep<\/strong>.<\/p>\n\n\n\n<p>Les militants sont en tout cas venus massivement pour \u00e9couter le message de leur leader, qui en a profit\u00e9 pour pr\u00e9senter son projet politique, bas\u00e9 notamment sur l\u2019\u00e9ducation, la sant\u00e9 et la lutte contre la corruption.<\/p>\n","protected":false},"excerpt":{"rendered":"<p>Les personnalit\u00e9s politiques de C\u00f4te d\u2019Ivoire commencent \u00e0 abattre leurs cartes en vue de la pr\u00e9sidentielle 2025. Apr\u00e8s l\u2019ancien pr\u00e9sident<\/p>\n","protected":false},"author":1,"featured_media":3983,"comment_status":"open","ping_status":"open","sticky":false,"template":"","format":"standard","meta":{"footnotes":""},"categories":[51],"tags":[],"class_list":["post-36301","post","type-post","status-publish","format-standard","has-post-thumbnail","hentry","category-general"],"_links":{"self":[{"href":"https:\/\/dekkbi.com\/index.php?rest_route=\/wp\/v2\/posts\/36301","targetHints":{"allow":["GET"]}}],"collection":[{"href":"https:\/\/dekkbi.com\/index.php?rest_route=\/wp\/v2\/posts"}],"about":[{"href":"https:\/\/dekkbi.com\/index.php?rest_route=\/wp\/v2\/types\/post"}],"author":[{"embeddable":true,"href":"https:\/\/dekkbi.com\/index.php?rest_route=\/wp\/v2\/users\/1"}],"replies":[{"embeddable":true,"href":"https:\/\/dekkbi.com\/index.php?rest_route=%2Fwp%2Fv2%2Fcomments&post=36301"}],"version-history":[{"count":1,"href":"https:\/\/dekkbi.com\/index.php?rest_route=\/wp\/v2\/posts\/36301\/revisions"}],"predecessor-version":[{"id":36302,"href":"https:\/\/dekkbi.com\/index.php?rest_route=\/wp\/v2\/posts\/36301\/revisions\/36302"}],"wp:featuredmedia":[{"embeddable":true,"href":"https:\/\/dekkbi.com\/index.php?rest_route=\/wp\/v2\/media\/3983"}],"wp:attachment":[{"href":"https:\/\/dekkbi.com\/index.php?rest_route=%2Fwp%2Fv2%2Fmedia&parent=36301"}],"wp:term":[{"taxonomy":"category","embeddable":true,"href":"https:\/\/dekkbi.com\/index.php?rest_route=%2Fwp%2Fv2%2Fcategories&post=36301"},{"taxonomy":"post_tag","embeddable":true,"href":"https:\/\/dekkbi.com\/index.php?rest_route=%2Fwp%2Fv2%2Ftags&post=36301"}],"curies":[{"name":"wp","href":"https:\/\/api.w.org\/{rel}","templated":true}]}}