{"id":3630,"date":"2022-11-22T09:31:52","date_gmt":"2022-11-22T09:31:52","guid":{"rendered":"https:\/\/dekkbi.com\/?p=3630"},"modified":"2022-11-22T16:34:19","modified_gmt":"2022-11-22T16:34:19","slug":"la-onzieme-edition-du-partcours-souvre-a-dakar-a-partir-du-25-novembre","status":"publish","type":"post","link":"https:\/\/dekkbi.com\/?p=3630","title":{"rendered":"La 11\u00e8 \u00e9dition du \u00ab\u00a0Partcours\u00a0\u00bb s&rsquo;ouvre \u00e0 partir du 25 novembre!"},"content":{"rendered":"\n<p>Dakar va abriter, \u00e0 partir du 25 novembre prochain, la onzi\u00e8me \u00e9dition du \u00abPartcours\u00bb. Quinze jours d\u2019\u00e9v\u00e9nements culturels qui se d\u00e9rouleront dans 30 espaces d\u2019art de la capitale s\u00e9n\u00e9galaise.<\/p>\n\n\n\n<p>\u00c0 Dakar, le monde de l\u2019art ouvre le \u00ab\u00a0Partcours\u00a0\u00bb pour sa onzi\u00e8me \u00e9dition. Il s\u2019agit de la principale manifestation collective des espaces d\u2019art et de savoir se tenant annuellement. Une exp\u00e9rience unique sur le continent.&nbsp;<br><br>En effet, trente entit\u00e9s professionnelles vont mettre leur programmation en commun, d\u00e9voilant une autre g\u00e9ographie de la ville. Toutes les formes d\u2019art y sont repr\u00e9sent\u00e9es : peinture, sculpture, architecture, installation, vid\u00e9o, impression, photographie, performance et discussions.<br><br>Les vernissages sont ouverts au grand public et sont organis\u00e9s par jour et par quartier. &nbsp;Les espaces resteront connect\u00e9s tout au long de l\u2019ann\u00e9e, dans un \u00e9change soutenu sur les actualit\u00e9s culturelles, pour une r\u00e9flexion et une m\u00e9moire continue de la vie artistique de Dakar.<br><br>\u00abSi la m\u00e9tamorphose de la cit\u00e9 et la boulimie fonci\u00e8re s\u2019accentuent dans nos espaces urbains, accentu\u00e9es par le non-respect de la nature et du patrimoine architectural, le travail des espaces d\u2019art et des cr\u00e9ateurs perp\u00e9tue dans Dakar le sens de la ville et de l\u2019engagement citoyen. Ce travail nous offre encore la possibilit\u00e9 de nous \u00e9tonner, de retrouver le myst\u00e8re dans les quartiers. Autant de fragments, de gestes diss\u00e9min\u00e9s dans la cit\u00e9 et r\u00e9unis en un mouvement collectif qui \u00e9clate au moment annuel du Partcours. Empreintes dans la ville, o\u00f9 chacune des propositions est comme une graine, comme un chemin \u00e0 suivre pour mieux s\u2019y perdre\u00bb, expliquent les organisateurs dans leur document de presse.<br><br>Rendez-vous donc, \u00e0 partir du 11 d\u00e9cembre<\/p>\n\n\n\n<p>SOURCE IGFM<\/p>\n","protected":false},"excerpt":{"rendered":"<p>Dakar va abriter, \u00e0 partir du 25 novembre prochain, la onzi\u00e8me \u00e9dition du \u00abPartcours\u00bb. Quinze jours d\u2019\u00e9v\u00e9nements culturels qui se<\/p>\n","protected":false},"author":1,"featured_media":3631,"comment_status":"open","ping_status":"open","sticky":false,"template":"","format":"standard","meta":{"footnotes":""},"categories":[21],"tags":[],"class_list":["post-3630","post","type-post","status-publish","format-standard","has-post-thumbnail","hentry","category-societe"],"_links":{"self":[{"href":"https:\/\/dekkbi.com\/index.php?rest_route=\/wp\/v2\/posts\/3630","targetHints":{"allow":["GET"]}}],"collection":[{"href":"https:\/\/dekkbi.com\/index.php?rest_route=\/wp\/v2\/posts"}],"about":[{"href":"https:\/\/dekkbi.com\/index.php?rest_route=\/wp\/v2\/types\/post"}],"author":[{"embeddable":true,"href":"https:\/\/dekkbi.com\/index.php?rest_route=\/wp\/v2\/users\/1"}],"replies":[{"embeddable":true,"href":"https:\/\/dekkbi.com\/index.php?rest_route=%2Fwp%2Fv2%2Fcomments&post=3630"}],"version-history":[{"count":2,"href":"https:\/\/dekkbi.com\/index.php?rest_route=\/wp\/v2\/posts\/3630\/revisions"}],"predecessor-version":[{"id":3699,"href":"https:\/\/dekkbi.com\/index.php?rest_route=\/wp\/v2\/posts\/3630\/revisions\/3699"}],"wp:featuredmedia":[{"embeddable":true,"href":"https:\/\/dekkbi.com\/index.php?rest_route=\/wp\/v2\/media\/3631"}],"wp:attachment":[{"href":"https:\/\/dekkbi.com\/index.php?rest_route=%2Fwp%2Fv2%2Fmedia&parent=3630"}],"wp:term":[{"taxonomy":"category","embeddable":true,"href":"https:\/\/dekkbi.com\/index.php?rest_route=%2Fwp%2Fv2%2Fcategories&post=3630"},{"taxonomy":"post_tag","embeddable":true,"href":"https:\/\/dekkbi.com\/index.php?rest_route=%2Fwp%2Fv2%2Ftags&post=3630"}],"curies":[{"name":"wp","href":"https:\/\/api.w.org\/{rel}","templated":true}]}}