{"id":36184,"date":"2024-05-10T15:19:22","date_gmt":"2024-05-10T15:19:22","guid":{"rendered":"https:\/\/dekkbi.com\/?p=36184"},"modified":"2024-05-10T15:19:53","modified_gmt":"2024-05-10T15:19:53","slug":"le-trafic-a-repris-normalement-a-laibd-directeur-general-las","status":"publish","type":"post","link":"https:\/\/dekkbi.com\/?p=36184","title":{"rendered":"Le trafic a repris \u201dnormalement\u201d \u00e0 l\u2019AIBD (Directeur g\u00e9n\u00e9ral LAS)"},"content":{"rendered":"\n<p>Dakar, (APS) \u2013 Le trafic a repris normalement, jeudi, \u00e0 l\u2019A\u00e9roport international Blaise Diagne de Diass ferm\u00e9 temporairement suite \u00e0 la sortie de piste d\u2019un avion de la compagnie Transair affr\u00e9t\u00e9 par Air S\u00e9n\u00e9gal, a indiqu\u00e9 Askin Demir, Directeur g\u00e9n\u00e9ral de LAS, la soci\u00e9t\u00e9 gestionnaire de l\u2019a\u00e9roport.<\/p>\n\n\n\n<p>\u201dActuellement, les d\u00e9collages et les atterrissages d\u2019avions se d\u00e9roulent normalement. Malheureusement, il y a eu des annulations de vols ou de changements d\u2019horaires. Dans les meilleurs d\u00e9lais, ces vols seront op\u00e9r\u00e9s\u2019\u2019, a d\u00e9clar\u00e9 M. D\u00e9mir, interrog\u00e9 par des journalistes \u00e0 l\u2019AIBD.<\/p>\n\n\n\n<p>L\u2019A\u00e9roport international Blaise Diagne (AIBD) de Diass a \u00e9t\u00e9 ferm\u00e9 jeudi suite \u00e0 la sortie de piste d\u2019un Boeing 737\/300 de Transair affr\u00e9t\u00e9 par Air S\u00e9n\u00e9gal.<\/p>\n\n\n\n<p>\u2018\u2019Le vol HC 301 de la compagnie Air S\u00e9n\u00e9gal \u00e0 destination de Bamako a fait une sortie de piste lors de sa phase de d\u00e9collage ce jeudi vers 01h du matin\u2019\u2019, a indiqu\u00e9 dans un communiqu\u00e9 la soci\u00e9t\u00e9 LAS.<\/p>\n\n\n\n<p>Il y avait \u00e0 bord 79 passagers dont 6 membres de l\u2019\u00e9quipage, selon le Directeur g\u00e9n\u00e9ral de LAS, soulignant que le Bureau d\u2019Enqu\u00eate et d\u2019Analyse (BEA) a ouvert une enqu\u00eate pour d\u00e9terminer les causes de l\u2019accident.<\/p>\n\n\n\n<p>\u201dVers la fin de la piste, l\u2019avion n\u2019a pas pu d\u00e9coller, le pilote a choisi de faire quitter l\u2019appareil de la piste. Je pense personnellement qu\u2019il a bien g\u00e9rer la situation. L\u2019avion n\u2019est pas trop endommag\u00e9, il y a eu un petit incendie qui a \u00e9t\u00e9 maitris\u00e9 rapidement. Les \u00e9quipes de sapeurs ont \u00e9t\u00e9 d\u00e9ploy\u00e9s dans les d\u00e9lais (\u2026)\u2019\u2019, a-t-il dit.<\/p>\n\n\n\n<p>Les passagers ont \u00e9t\u00e9 \u00e9vacu\u00e9s dans un premier temps vers le hangar des p\u00e8lerins, a signal\u00e9 Askin Demir, faisant \u00e9tat de 8 bless\u00e9s, dont un pilote qui a eu une fracture \u00e0 la jambe droite.<\/p>\n\n\n\n<p>Il a assur\u00e9 que tous les bless\u00e9s ont \u00e9t\u00e9 d\u2019abord pris en charge \u00e0 l\u2019infirmerie de l\u2019a\u00e9roport. Tous les h\u00f4pitaux atour de l\u2019AIBD ont \u00e9t\u00e9 \u00e9galement mis en alerte, selon lui.<\/p>\n\n\n\n<p>Une cellule de crise a \u00e9t\u00e9 install\u00e9e en pr\u00e9sence du ministre des Infrastructures et des Transports terrestres et a\u00e9riens.<\/p>\n\n\n\n<p>Les \u00e9quipes de LAS ont ensuite proc\u00e9d\u00e9 \u00e0 nettoiement de la piste, une op\u00e9ration qui a dur\u00e9 plus de deux heures, pour assurer la s\u00e9curit\u00e9 des avions, ce qui a entrain\u00e9 la fermeture de l\u2019a\u00e9roport jusqu\u2019\u00e0 9h 30, a expliqu\u00e9 M.&nbsp;D\u00e9mir.<\/p>\n\n\n\n<p>Selon lui, l\u2019ANACIM&nbsp;et l\u2019ASECNA ont confirm\u00e9 que l\u2019a\u00e9roport a \u00e9t\u00e9 bien nettoy\u00e9.<\/p>\n\n\n\n<p>L\u2019accident a entrain\u00e9 des annulations de vols et des changements d\u2019horaires, a signal\u00e9 le Directeur g\u00e9n\u00e9ral de LAS, faisant \u00e9tat de 7 vols au d\u00e9part de Diass et de 3 \u00e0 l\u2019arriv\u00e9e.<\/p>\n\n\n\n<p>MSO\/OID<\/p>\n","protected":false},"excerpt":{"rendered":"<p>Dakar, (APS) \u2013 Le trafic a repris normalement, jeudi, \u00e0 l\u2019A\u00e9roport international Blaise Diagne de Diass ferm\u00e9 temporairement suite \u00e0<\/p>\n","protected":false},"author":1,"featured_media":36185,"comment_status":"open","ping_status":"open","sticky":false,"template":"","format":"standard","meta":{"footnotes":""},"categories":[21],"tags":[],"class_list":["post-36184","post","type-post","status-publish","format-standard","has-post-thumbnail","hentry","category-societe"],"_links":{"self":[{"href":"https:\/\/dekkbi.com\/index.php?rest_route=\/wp\/v2\/posts\/36184","targetHints":{"allow":["GET"]}}],"collection":[{"href":"https:\/\/dekkbi.com\/index.php?rest_route=\/wp\/v2\/posts"}],"about":[{"href":"https:\/\/dekkbi.com\/index.php?rest_route=\/wp\/v2\/types\/post"}],"author":[{"embeddable":true,"href":"https:\/\/dekkbi.com\/index.php?rest_route=\/wp\/v2\/users\/1"}],"replies":[{"embeddable":true,"href":"https:\/\/dekkbi.com\/index.php?rest_route=%2Fwp%2Fv2%2Fcomments&post=36184"}],"version-history":[{"count":2,"href":"https:\/\/dekkbi.com\/index.php?rest_route=\/wp\/v2\/posts\/36184\/revisions"}],"predecessor-version":[{"id":36187,"href":"https:\/\/dekkbi.com\/index.php?rest_route=\/wp\/v2\/posts\/36184\/revisions\/36187"}],"wp:featuredmedia":[{"embeddable":true,"href":"https:\/\/dekkbi.com\/index.php?rest_route=\/wp\/v2\/media\/36185"}],"wp:attachment":[{"href":"https:\/\/dekkbi.com\/index.php?rest_route=%2Fwp%2Fv2%2Fmedia&parent=36184"}],"wp:term":[{"taxonomy":"category","embeddable":true,"href":"https:\/\/dekkbi.com\/index.php?rest_route=%2Fwp%2Fv2%2Fcategories&post=36184"},{"taxonomy":"post_tag","embeddable":true,"href":"https:\/\/dekkbi.com\/index.php?rest_route=%2Fwp%2Fv2%2Ftags&post=36184"}],"curies":[{"name":"wp","href":"https:\/\/api.w.org\/{rel}","templated":true}]}}