{"id":36181,"date":"2024-05-10T12:37:27","date_gmt":"2024-05-10T12:37:27","guid":{"rendered":"https:\/\/dekkbi.com\/?p=36181"},"modified":"2024-05-10T12:37:28","modified_gmt":"2024-05-10T12:37:28","slug":"la-formation-de-talibes-a-lagriculture-un-des-points-dune-convention-entre-tivaouane-et-la-ville-italienne-de-vigone","status":"publish","type":"post","link":"https:\/\/dekkbi.com\/?p=36181","title":{"rendered":"La formation de talib\u00e9s \u00e0 l\u2019agriculture, un des points d\u2019une convention entre Tivaouane et la ville italienne de Vigone"},"content":{"rendered":"\n<p>Tivaouane,  (APS) \u2013 Les villes de Tivaouane et de Vigone en Italie ont sign\u00e9 une convention touchant \u00e0 plusieurs secteurs, dont la formation d\u2019enfants talib\u00e9s, de la cit\u00e9 religieuse s\u00e9n\u00e9galaise, aux m\u00e9tiers de l\u2019agriculture et de l\u2019artisanat.<\/p>\n\n\n\n<p>Le maire de la ville de Vigone, Fabio Cerato et son homologue de Tivaouane Demba Diop Sy ont paraph\u00e9 mercredi une convention, qui devra permettre de former des talib\u00e9s de Tivaouane \u00e0 l\u2019agriculture.<\/p>\n\n\n\n<p>Un premier groupe de 20 jeunes seront initi\u00e9s \u00e0 la langue italienne avant de suivre la formation.<\/p>\n\n\n\n<p>Selon le maire de Vigone, le partenariat entre les deux villes touche \u00e0 la formation des jeunes, \u00e0 l\u2019\u00e9ducation et \u00e0 l\u2019\u00e9tat-civil.<\/p>\n\n\n\n<p>Il estime que c\u2019est un nouveau d\u00e9part qui peut mener \u00e0 d\u2019autres secteurs, en fonction des r\u00e9sultats qui seront obtenus.<\/p>\n\n\n\n<p>Ce partenariat s\u2019inscrit dans un paquet de projets initi\u00e9s par l\u2019Union europ\u00e9enne pour lutter contre l\u2019\u00e9migration irr\u00e9guli\u00e8re.<\/p>\n\n\n\n<p>Vigone, une ville sp\u00e9cialis\u00e9e dans la culture du ma\u00efs et l\u2019artisanat, a des activit\u00e9s \u00e9conomiques similaires \u00e0 celle de Tivaouane, a dit Demba Diop Sy.<\/p>\n\n\n\n<p>Selon lui, une formation de l\u2019ensemble des talib\u00e9s de Tivaouane \u00e0 la culture du ma\u00efs, une c\u00e9r\u00e9ale qui entre dans la fabrication d\u2019aliments de b\u00e9tail, doubl\u00e9e de l\u2019installation d\u2019unit\u00e9s de transformation, leur offrira un m\u00e9tier.<\/p>\n\n\n\n<p>Il a relev\u00e9 la pertinence de ce partenariat qui s\u2019occupera aussi d\u2019artisanat dont Ngaye, situ\u00e9 non loin de Tivaouane, est le \u201cfief\u201d au S\u00e9n\u00e9gal.<\/p>\n\n\n\n<p>Les partenaires pr\u00e9voient aussi d\u2019\u00e9lectrifier \u00e0 l\u2019\u00e9nergie solaire les mosqu\u00e9es de Tivaouane, une action qui rejoint, selon Diop Sy, un programme de la municipalit\u00e9 visant \u00e0 \u00e9quiper les mosqu\u00e9es, les daaras et les \u00e9coles d\u2019installations photovolta\u00efques.<\/p>\n\n\n\n<p>Le pr\u00e9fet du d\u00e9partement de Tivaouane, Mamadou Gu\u00e8ye s\u2019est r\u00e9joui de la coop\u00e9ration d\u00e9centralis\u00e9e liant la ville italienne de Vigone \u00e0 celle s\u00e9n\u00e9galaise de Tivaouane, et n\u2019a pas manqu\u00e9 d\u2019\u00e9voquer les \u201defforts importants\u201d faits par l\u2019Etat dans les secteurs cibl\u00e9s par ce partenariat.<\/p>\n\n\n\n<p>Il a ajout\u00e9 que cette convention est en droite ligne de la vision du pr\u00e9sident Bassirou Diomaye Faye, dont l\u2019un des premiers actes qu\u2019il a pos\u00e9 dans ce domaine, a consist\u00e9 &nbsp;\u00e0 &nbsp;cr\u00e9er une direction \u00e0 la Pr\u00e9sidence, charg\u00e9e des affaires religieuses et qui s\u2019occupe particuli\u00e8rement des daaras et de l\u2019insertion des dipl\u00f4m\u00e9s en langue arabe.<\/p>\n","protected":false},"excerpt":{"rendered":"<p>Tivaouane, (APS) \u2013 Les villes de Tivaouane et de Vigone en Italie ont sign\u00e9 une convention touchant \u00e0 plusieurs secteurs,<\/p>\n","protected":false},"author":1,"featured_media":36182,"comment_status":"open","ping_status":"open","sticky":false,"template":"","format":"standard","meta":{"footnotes":""},"categories":[21],"tags":[],"class_list":["post-36181","post","type-post","status-publish","format-standard","has-post-thumbnail","hentry","category-societe"],"_links":{"self":[{"href":"https:\/\/dekkbi.com\/index.php?rest_route=\/wp\/v2\/posts\/36181","targetHints":{"allow":["GET"]}}],"collection":[{"href":"https:\/\/dekkbi.com\/index.php?rest_route=\/wp\/v2\/posts"}],"about":[{"href":"https:\/\/dekkbi.com\/index.php?rest_route=\/wp\/v2\/types\/post"}],"author":[{"embeddable":true,"href":"https:\/\/dekkbi.com\/index.php?rest_route=\/wp\/v2\/users\/1"}],"replies":[{"embeddable":true,"href":"https:\/\/dekkbi.com\/index.php?rest_route=%2Fwp%2Fv2%2Fcomments&post=36181"}],"version-history":[{"count":1,"href":"https:\/\/dekkbi.com\/index.php?rest_route=\/wp\/v2\/posts\/36181\/revisions"}],"predecessor-version":[{"id":36183,"href":"https:\/\/dekkbi.com\/index.php?rest_route=\/wp\/v2\/posts\/36181\/revisions\/36183"}],"wp:featuredmedia":[{"embeddable":true,"href":"https:\/\/dekkbi.com\/index.php?rest_route=\/wp\/v2\/media\/36182"}],"wp:attachment":[{"href":"https:\/\/dekkbi.com\/index.php?rest_route=%2Fwp%2Fv2%2Fmedia&parent=36181"}],"wp:term":[{"taxonomy":"category","embeddable":true,"href":"https:\/\/dekkbi.com\/index.php?rest_route=%2Fwp%2Fv2%2Fcategories&post=36181"},{"taxonomy":"post_tag","embeddable":true,"href":"https:\/\/dekkbi.com\/index.php?rest_route=%2Fwp%2Fv2%2Ftags&post=36181"}],"curies":[{"name":"wp","href":"https:\/\/api.w.org\/{rel}","templated":true}]}}