{"id":36123,"date":"2024-05-09T12:17:55","date_gmt":"2024-05-09T12:17:55","guid":{"rendered":"https:\/\/dekkbi.com\/?p=36123"},"modified":"2024-05-09T12:17:56","modified_gmt":"2024-05-09T12:17:56","slug":"levee-de-controle-judiciaire-pour-pape-ale-niang","status":"publish","type":"post","link":"https:\/\/dekkbi.com\/?p=36123","title":{"rendered":"Lev\u00e9e de contr\u00f4le judiciaire pour Pape Al\u00e9 Niang"},"content":{"rendered":"\n<p>Le contr\u00f4le judiciaire de Pape Al\u00e9 Niang a \u00e9t\u00e9 lev\u00e9. L\u2019annonce est faite pat le journaliste lui-m\u00eame.Pape Al\u00e9 Niang est d\u00e9sormais libre de tout ses mouvements, et pour cause. Le journaliste n\u2019est plus sous contr\u00f4le judiciaire. En effet, le juge d\u2019instruction du 2e cabinet, Mamadou Seck, a ordonn\u00e9 la mainlev\u00e9e de la mesure de contr\u00f4le judiciaire, dont la requ\u00eate a \u00e9t\u00e9 d\u00e9pos\u00e9e par son avocat Me Moussa Sarr.<\/p>\n\n\n\n<p>\u00ab Les faits reproch\u00e9s au demandeur entrant dans le champ d\u2019application de ladite loi d\u2019amnistie, il y a lieu de faire droit \u00e0 sa requ\u00eate, par ces motifs, ordonnons la mainlev\u00e9e de la mesure de contr\u00f4le judiciaire de l\u2019inculp\u00e9 Pape Al\u00e9 Niang \u00bb, a \u00e9crit le juge M.Seck dans son ordonnance rendue hier mardi.<\/p>\n\n\n\n<p>Outre le lev\u00e9e de son contr\u00f4le judiciaire, le nouveau directeur g\u00e9n\u00e9ral de la RTS, Pape Al\u00e9 Niang annonce la fin de ses directs sur la cha\u00eene YouTube du site Dakarmatin et la sortie de son livre sur le dossier Sweet Beauty intitul\u00e9 : \u00ab Affaire Adji Sarr, Ousmane Sonko, le complot d\u2019Etat : comment le capitaine Seydina Oumar Tour\u00e9 a \u00e9t\u00e9 sacrifi\u00e9 ? \u00bb.<\/p>\n\n\n\n<p>Apr\u00e8s avoir remerci\u00e9 le peuple s\u00e9n\u00e9galais, il a confi\u00e9 que d\u2019autres vont continuer le travail qu\u2019il faisait sur ladite cha\u00eene, YouTube de Dakar Matin.  Revenant sur son nouveau statut, Pape Al\u00e9 a confi\u00e9 qu\u2019il est le directeur de la RTS certes, mais il reste journaliste.<\/p>\n","protected":false},"excerpt":{"rendered":"<p>Le contr\u00f4le judiciaire de Pape Al\u00e9 Niang a \u00e9t\u00e9 lev\u00e9. L\u2019annonce est faite pat le journaliste lui-m\u00eame.Pape Al\u00e9 Niang est<\/p>\n","protected":false},"author":1,"featured_media":36065,"comment_status":"open","ping_status":"open","sticky":false,"template":"","format":"standard","meta":{"footnotes":""},"categories":[26],"tags":[],"class_list":["post-36123","post","type-post","status-publish","format-standard","has-post-thumbnail","hentry","category-fait-divers"],"_links":{"self":[{"href":"https:\/\/dekkbi.com\/index.php?rest_route=\/wp\/v2\/posts\/36123","targetHints":{"allow":["GET"]}}],"collection":[{"href":"https:\/\/dekkbi.com\/index.php?rest_route=\/wp\/v2\/posts"}],"about":[{"href":"https:\/\/dekkbi.com\/index.php?rest_route=\/wp\/v2\/types\/post"}],"author":[{"embeddable":true,"href":"https:\/\/dekkbi.com\/index.php?rest_route=\/wp\/v2\/users\/1"}],"replies":[{"embeddable":true,"href":"https:\/\/dekkbi.com\/index.php?rest_route=%2Fwp%2Fv2%2Fcomments&post=36123"}],"version-history":[{"count":1,"href":"https:\/\/dekkbi.com\/index.php?rest_route=\/wp\/v2\/posts\/36123\/revisions"}],"predecessor-version":[{"id":36124,"href":"https:\/\/dekkbi.com\/index.php?rest_route=\/wp\/v2\/posts\/36123\/revisions\/36124"}],"wp:featuredmedia":[{"embeddable":true,"href":"https:\/\/dekkbi.com\/index.php?rest_route=\/wp\/v2\/media\/36065"}],"wp:attachment":[{"href":"https:\/\/dekkbi.com\/index.php?rest_route=%2Fwp%2Fv2%2Fmedia&parent=36123"}],"wp:term":[{"taxonomy":"category","embeddable":true,"href":"https:\/\/dekkbi.com\/index.php?rest_route=%2Fwp%2Fv2%2Fcategories&post=36123"},{"taxonomy":"post_tag","embeddable":true,"href":"https:\/\/dekkbi.com\/index.php?rest_route=%2Fwp%2Fv2%2Ftags&post=36123"}],"curies":[{"name":"wp","href":"https:\/\/api.w.org\/{rel}","templated":true}]}}