{"id":36090,"date":"2024-05-08T14:48:40","date_gmt":"2024-05-08T14:48:40","guid":{"rendered":"https:\/\/dekkbi.com\/?p=36090"},"modified":"2024-05-08T14:48:40","modified_gmt":"2024-05-08T14:48:40","slug":"etats-unis-joe-biden-alerte-face-a-la-montee-de-lantisemitisme","status":"publish","type":"post","link":"https:\/\/dekkbi.com\/?p=36090","title":{"rendered":"\u00c9tats-Unis: Joe Biden alerte face \u00e0 la mont\u00e9e de l&rsquo;antis\u00e9mitisme"},"content":{"rendered":"\n<p>Joe Biden s\u2019est exprim\u00e9 &#8211;\u00a0ce mardi 7 mai\u00a0&#8211; au mus\u00e9e de l\u2019Holocauste \u00e0 Washington, \u00e0 l&rsquo;occasion de Yom HaShoah,\u00a0la journ\u00e9e du souvenir de l&rsquo;Holocauste. Le pr\u00e9sident am\u00e9ricain a d\u00e9nonc\u00e9 la mont\u00e9e de l\u2019antis\u00e9mitisme depuis le 7 octobre 2023.<\/p>\n\n\n\n<p><strong>Joe Biden<\/strong>\u00a0s&rsquo;est engag\u00e9 ce mardi 7 mai \u00e0 combattre la progression \u00ab\u00a0<em>redoutable<\/em>\u00a0\u00bb de l&rsquo;antis\u00e9mitisme, qui n&rsquo;a \u00ab<em>\u00a0pas sa place<\/em>\u00a0\u00bb selon lui aux\u00a0<strong>\u00c9tats-Unis<\/strong>\u00a0et en particulier dans les universit\u00e9s, th\u00e9\u00e2tre de mobilisations propalestiniennes.\u00a0<\/p>\n\n\n\n<p>\u00ab<em>&nbsp;Nous ne sommes pas 75 ans plus tard. Nous sommes sept mois et demi plus tard<\/em>&nbsp;\u00bb, a d\u00e9clar\u00e9 le pr\u00e9sident \u00e0 l&rsquo;occasion de Yom HaShoah. Pour Joe Biden, l\u2019antis\u00e9mitisme qui a men\u00e9 \u00e0 l\u2019\u00e9limination syst\u00e9matique de six millions de juifs europ\u00e9ens par l\u2019Allemagne nazie et au massacre de 1&nbsp;200 juifs le 7 octobre dernier par le Hamas est le m\u00eame mal et la m\u00eame haine.<\/p>\n\n\n\n<p>Le pr\u00e9sident am\u00e9ricain a accus\u00e9 avec force&nbsp;: selon lui, c\u2019est le Hamas qui est responsable des massacres, des prises d\u2019otages et des actes de torture et de mutilation contre des femmes, des hommes, des enfants et des personnes \u00e2g\u00e9es y compris des survivants de l\u2019holocauste.<\/p>\n\n\n\n<h2 class=\"wp-block-heading\">Joe Biden d\u00e9nonce la&nbsp;\u00ab<em>&nbsp;pouss\u00e9e f\u00e9roce<\/em>&nbsp;\u00bb de l&rsquo;antis\u00e9mitisme<\/h2>\n\n\n\n<p>Joe Biden a \u00e9galement d\u00e9nonc\u00e9 les viols utilis\u00e9s comme arme de guerre au moment de l\u2019attaque du 7 octobre. Le candidat \u00e0 sa r\u00e9\u00e9lection a aussi accus\u00e9 ce qu\u2019il appelle une \u00ab<em>&nbsp;pouss\u00e9e f\u00e9roce<\/em>&nbsp;\u00bb de l\u2019antis\u00e9mitisme aux \u00c9tats-Unis et ailleurs.<\/p>\n\n\n\n<p>Joe Biden a particuli\u00e8rement cibl\u00e9 ce qu\u2019il se passe sur\u00a0<strong>certains campus universitaires<\/strong>. Selon lui, ce qui y est d\u00e9crit au sujet de la Shoah ou du 7 octobre est parfois ni\u00e9, minimis\u00e9 ou expliqu\u00e9 avec une certaine complaisance. \u00ab\u00a0<em>Les \u00e9tudiants juifs devraient pouvoir acc\u00e9der \u00e0 leur campus sans \u00eatre harcel\u00e9s, agress\u00e9s ou menac\u00e9s, sans cacher leur kippa sous une casquette ou ranger leur \u00e9toile de David sous leurs v\u00eatements<\/em>\u00a0\u00bb a-t-il ajout\u00e9.<\/p>\n\n\n\n<p>\u00ab\u00a0<em>Cela doit s\u2019arr\u00eater<\/em>\u00a0\u00bb\u00a0a-t-il dit avec force avant de pr\u00e9ciser que son engagement en faveur de la d\u00e9fense d\u2019Isra\u00ebl restait \u00e0 toute \u00e9preuve, m\u00eame quand il n\u2019est pas d\u2019accord avec les d\u00e9cisions de l\u2019\u00c9tat h\u00e9breu.\u00a0<\/p>\n\n\n\n<p>PAR RFI<\/p>\n","protected":false},"excerpt":{"rendered":"<p>Joe Biden s\u2019est exprim\u00e9 &#8211;\u00a0ce mardi 7 mai\u00a0&#8211; au mus\u00e9e de l\u2019Holocauste \u00e0 Washington, \u00e0 l&rsquo;occasion de Yom HaShoah,\u00a0la journ\u00e9e<\/p>\n","protected":false},"author":1,"featured_media":36091,"comment_status":"open","ping_status":"open","sticky":false,"template":"","format":"standard","meta":{"footnotes":""},"categories":[51],"tags":[],"class_list":["post-36090","post","type-post","status-publish","format-standard","has-post-thumbnail","hentry","category-general"],"_links":{"self":[{"href":"https:\/\/dekkbi.com\/index.php?rest_route=\/wp\/v2\/posts\/36090","targetHints":{"allow":["GET"]}}],"collection":[{"href":"https:\/\/dekkbi.com\/index.php?rest_route=\/wp\/v2\/posts"}],"about":[{"href":"https:\/\/dekkbi.com\/index.php?rest_route=\/wp\/v2\/types\/post"}],"author":[{"embeddable":true,"href":"https:\/\/dekkbi.com\/index.php?rest_route=\/wp\/v2\/users\/1"}],"replies":[{"embeddable":true,"href":"https:\/\/dekkbi.com\/index.php?rest_route=%2Fwp%2Fv2%2Fcomments&post=36090"}],"version-history":[{"count":1,"href":"https:\/\/dekkbi.com\/index.php?rest_route=\/wp\/v2\/posts\/36090\/revisions"}],"predecessor-version":[{"id":36092,"href":"https:\/\/dekkbi.com\/index.php?rest_route=\/wp\/v2\/posts\/36090\/revisions\/36092"}],"wp:featuredmedia":[{"embeddable":true,"href":"https:\/\/dekkbi.com\/index.php?rest_route=\/wp\/v2\/media\/36091"}],"wp:attachment":[{"href":"https:\/\/dekkbi.com\/index.php?rest_route=%2Fwp%2Fv2%2Fmedia&parent=36090"}],"wp:term":[{"taxonomy":"category","embeddable":true,"href":"https:\/\/dekkbi.com\/index.php?rest_route=%2Fwp%2Fv2%2Fcategories&post=36090"},{"taxonomy":"post_tag","embeddable":true,"href":"https:\/\/dekkbi.com\/index.php?rest_route=%2Fwp%2Fv2%2Ftags&post=36090"}],"curies":[{"name":"wp","href":"https:\/\/api.w.org\/{rel}","templated":true}]}}