{"id":3609,"date":"2022-11-21T12:30:14","date_gmt":"2022-11-21T12:30:14","guid":{"rendered":"https:\/\/dekkbi.com\/?p=3609"},"modified":"2022-11-21T12:30:15","modified_gmt":"2022-11-21T12:30:15","slug":"coree-du-sud-le-president-yook-suk-yeol-met-fin-a-son-point-presse-et-charge-les-medias","status":"publish","type":"post","link":"https:\/\/dekkbi.com\/?p=3609","title":{"rendered":"Cor\u00e9e du Sud: le pr\u00e9sident Yook Suk-yeol met fin \u00e0 son point presse et charge les m\u00e9dias"},"content":{"rendered":"\n<p>Les relations entre le pr\u00e9sident de la R\u00e9publique de Cor\u00e9e du Sud et les m\u00e9dias continuent de se tendre. Yoon Suk-yeol, \u00e0 la t\u00eate de la quatri\u00e8me \u00e9conomie d\u2019Asie depuis six mois, a d\u00e9cid\u00e9 de mettre fin \u00e0 sa conf\u00e9rence de presse matinale, pratique qu\u2019il avait lui-m\u00eame institu\u00e9e lors de son arriv\u00e9e au pouvoir. Alors que ce novice en politique avait promis une transparence totale, plusieurs interventions pol\u00e9miques du pouvoir \u00e0 l\u2019encontre des m\u00e9dias ces derniers mois ont agit\u00e9 le d\u00e9bat.<\/p>\n\n\n\n<p>source RFI<\/p>\n\n\n\n<p>En supprimant son point presse quotidien,\u00a0<strong>Yoon Suk-yeol<\/strong>\u00a0consacre la d\u00e9gradation de ses relations avec les m\u00e9dias. Pour justifier sa d\u00e9cision, le camp pr\u00e9sidentiel invoque la fuite d\u2019une altercation verbale entre un conseiller du chef de l\u2019\u00c9tat et un journaliste de la cha\u00eene MBC vendredi 18\u00a0novembre.<\/p>\n\n\n\n<p>C\u2019est en septembre\u00a0<strong>apr\u00e8s une rencontre avec Joe Biden que le conflit commence<\/strong>. Lorsque la cha\u00eene de t\u00e9l\u00e9vision publique MBC fait partie des premi\u00e8res \u00e0 diffuser une vid\u00e9o du Pr\u00e9sident o\u00f9 il semble insulter le Congr\u00e8s am\u00e9ricain. Yoon Suk-yeol se d\u00e9fend, en expliquant que les propos \u00e9taient dirig\u00e9s en r\u00e9alit\u00e9 au Parlement sud-cor\u00e9en.<\/p>\n\n\n\n<p>D\u00e9but novembre, le chef de l\u2019\u00c9tat fini par interdire aux journalistes de MBC de monter dans l\u2019avion pr\u00e9sidentiel avec leurs confr\u00e8res lors d\u2019une visite en Asie du Sud-est. Face aux protestations m\u00e9diatiques, Yoon se justifie en accusant la cha\u00eene de couverture biais\u00e9e, de fausses nouvelles et de commentaires malicieux. Les m\u00eames arguments utilis\u00e9s pour justifier la suppression de son point presse quotidien. Une pratique d\u2019ouverture qui tranchait avec la distance traditionnelle qui caract\u00e9rise les relations entre les Pr\u00e9sidents sud-cor\u00e9ens et la presse.<\/p>\n\n\n\n<p>Cette offensive contre les m\u00e9dias publics s\u2019\u00e9tend au maire de S\u00e9oul, membre du camp pr\u00e9sidentiel et qui a mis fin la semaine derni\u00e8re au financement d\u2019une cha\u00eene de t\u00e9l\u00e9vision et de radio locale, tr\u00e8s critique de son action.<\/p>\n","protected":false},"excerpt":{"rendered":"<p>Les relations entre le pr\u00e9sident de la R\u00e9publique de Cor\u00e9e du Sud et les m\u00e9dias continuent de se tendre. Yoon<\/p>\n","protected":false},"author":1,"featured_media":3610,"comment_status":"open","ping_status":"open","sticky":false,"template":"","format":"standard","meta":{"footnotes":""},"categories":[46],"tags":[],"class_list":["post-3609","post","type-post","status-publish","format-standard","has-post-thumbnail","hentry","category-technology"],"_links":{"self":[{"href":"https:\/\/dekkbi.com\/index.php?rest_route=\/wp\/v2\/posts\/3609","targetHints":{"allow":["GET"]}}],"collection":[{"href":"https:\/\/dekkbi.com\/index.php?rest_route=\/wp\/v2\/posts"}],"about":[{"href":"https:\/\/dekkbi.com\/index.php?rest_route=\/wp\/v2\/types\/post"}],"author":[{"embeddable":true,"href":"https:\/\/dekkbi.com\/index.php?rest_route=\/wp\/v2\/users\/1"}],"replies":[{"embeddable":true,"href":"https:\/\/dekkbi.com\/index.php?rest_route=%2Fwp%2Fv2%2Fcomments&post=3609"}],"version-history":[{"count":1,"href":"https:\/\/dekkbi.com\/index.php?rest_route=\/wp\/v2\/posts\/3609\/revisions"}],"predecessor-version":[{"id":3611,"href":"https:\/\/dekkbi.com\/index.php?rest_route=\/wp\/v2\/posts\/3609\/revisions\/3611"}],"wp:featuredmedia":[{"embeddable":true,"href":"https:\/\/dekkbi.com\/index.php?rest_route=\/wp\/v2\/media\/3610"}],"wp:attachment":[{"href":"https:\/\/dekkbi.com\/index.php?rest_route=%2Fwp%2Fv2%2Fmedia&parent=3609"}],"wp:term":[{"taxonomy":"category","embeddable":true,"href":"https:\/\/dekkbi.com\/index.php?rest_route=%2Fwp%2Fv2%2Fcategories&post=3609"},{"taxonomy":"post_tag","embeddable":true,"href":"https:\/\/dekkbi.com\/index.php?rest_route=%2Fwp%2Fv2%2Ftags&post=3609"}],"curies":[{"name":"wp","href":"https:\/\/api.w.org\/{rel}","templated":true}]}}