{"id":36064,"date":"2024-05-08T13:46:22","date_gmt":"2024-05-08T13:46:22","guid":{"rendered":"https:\/\/dekkbi.com\/?p=36064"},"modified":"2024-05-08T13:51:00","modified_gmt":"2024-05-08T13:51:00","slug":"portrait-de-pape-ale-niang-itineraire-dun-journaliste-insoumis","status":"publish","type":"post","link":"https:\/\/dekkbi.com\/?p=36064","title":{"rendered":"PORTRAIT DE PAPE AL\u00c9\u00a0NIANG &#8211; Itin\u00e9raire d\u2019un journaliste insoumis"},"content":{"rendered":"\n<p><em><strong>Pape Al\u00e9 Niang, nouveau Directeur G\u00e9n\u00e9ral de la RTS, a toujours \u00e9t\u00e9 un personnage clivant qui n\u2019a jamais h\u00e9sit\u00e9 \u00e0 assumer ses opinions et ses points de vue. Une posture qui, selon ses d\u00e9tracteurs, va \u00e0 l\u2019encontre du principe d\u2019objectivit\u00e9 qui est la base du m\u00e9tier de journaliste. Depuis ses d\u00e9buts \u00e0 Sud Banlieue en passant par la 2STV et finalement \u00e0 la RTS, Pape Al\u00e9 Niang (Pan) s\u2019est impos\u00e9 dans le paysage m\u00e9diatique s\u00e9n\u00e9galais comme un des plus farouches \u2018\u2019opposants\u2019\u2019 \u00e0 Macky Sall qui l\u2019a emprisonn\u00e9 plusieurs fois. Une situation qui n\u2019a pas fait fl\u00e9chir ce chevalier blanc pr\u00eat \u00e0 lutter contre l\u2019injustice et la corruption.<\/strong><\/em><\/p>\n\n\n\n<p>\u2018\u2019Je refuse tout soin et je suis pr\u00eat \u00e0 en assumer toutes les cons\u00e9quences\u2019\u2019, dit Pape Al\u00e9 Niang dans un de ses vid\u00e9os sur sa cha\u00eene YouTube, \u00e0 la suite de sa lib\u00e9ration le 10 janvier 2023. Le journaliste est alors emprisonn\u00e9 pendant plusieurs jours pour diffusion de fausses nouvelles et indique aux yeux de l\u2019opinion publique s\u00e9n\u00e9galaise de sa d\u00e9termination \u00e0 aller jusqu\u2019au bout de ses id\u00e9es.<\/p>\n\n\n\n<p>Pape Al\u00e9 Niang, Directeur de Dakar Matin, a \u00e9t\u00e9 inculp\u00e9, le 9 novembre 2023, entre autres, pour \u2018\u2019divulgation d\u2019informations non rendues publiques par l\u2019autorit\u00e9 comp\u00e9tente de nature \u00e0 nuire \u00e0 la d\u00e9fense nationale\u2019\u2019, de&nbsp;\u2018\u2019recel de documents administratifs et militaires\u2019\u2019&nbsp;et de&nbsp;\u2018\u2019diffusion de fausses nouvelles de nature \u00e0 jeter le discr\u00e9dit sur les institutions publiques\u2019\u2019. Cette inculpation suivie d\u2019une d\u00e9tention avait d\u00e9clench\u00e9 une lev\u00e9e de boucliers de tous les organismes de droits et de la Coordination des associations de presse (Cap). Cette mobilisation avait abouti \u00e0 l\u2019\u00e9largissement de l\u2019ancien journaliste de la 2STV, mais n\u2019avait pas r\u00e9ussi \u00e0 faire taire ses d\u00e9tracteurs qui l&rsquo;accusent d\u2019avoir troqu\u00e9 sa casquette de journaliste pour celle d\u2019activiste et plus particuli\u00e8rement de partisan de Pastef, le parti d\u2019Ousmane Sonko.&nbsp;<\/p>\n\n\n\n<p>Sa couverture de l\u2019arrestation de ce dernier, sur son site Dakar Matin pour \u2018\u2019terrorisme, appel \u00e0 l\u2019insurrection et atteinte \u00e0 la suret\u00e9 de l\u2019\u00c9tat\u2019\u2019 lui vaut son incarc\u00e9ration pour une dizaine de jours. Il n\u2019en sortira qu\u2019apr\u00e8s une gr\u00e8ve de la faim et un passage \u00e0 l\u2019h\u00f4pital, mais plac\u00e9 sous contr\u00f4le judiciaire.<\/p>\n\n\n\n<p>Il faut dire que l\u2019ex-pensionnaire de l\u2019Issic a multipli\u00e9 les s\u00e9jours \u00e0 la prison de S\u00e9bikotane, depuis le d\u00e9but de l\u2019affaire Sweet Beaut\u00e9.&nbsp;Pape Al\u00e9 avait \u00e9t\u00e9 arr\u00eat\u00e9 en novembre et en d\u00e9cembre 2022, avant d\u2019\u00eatre lib\u00e9r\u00e9 en janvier 2023, \u00e0 la suite d\u2019une gr\u00e8ve de la faim. Des affirmations que ce dernier balaie d\u2019un revers de main et rappelle souvent \u00e0 ses d\u00e9tracteurs qu\u2019il fut l\u2019une des rares personnes \u00e0 avoir \u00e9t\u00e9 accept\u00e9 dans l\u2019entourage de Macky Sall, alors que ce dernier, opposant de Me Abdoulaye Wade, a \u00e9t\u00e9 convoqu\u00e9 au commissariat central pour des questions de blanchiment d\u2019argent en 2011.<\/p>\n\n\n\n<p>En outre, ce titulaire d&rsquo;une Ma\u00eetrise en sociologie \u00e0 l&rsquo;universit\u00e9 Cheikh Anta Diop de Dakar n\u2019h\u00e9site pas \u00e0 rappeler que son micro \u00e9tait ouvert \u00e0 tous les opposants de Wade dans son \u00e9mission sur la 2STV et qu\u2019il n\u2019a jamais \u00e9t\u00e9 encart\u00e9 chez les patriotes.&nbsp; Une mani\u00e8re pour ce membre de la Cellule Norbert Zongo (Cenozo), qui regroupe les journalistes d&rsquo;investigation en Afrique de l&rsquo;Ouest, d\u2019indiquer le principe de la lutte contre l\u2019injustice comme celle de l\u2019affaire de corruption et de d\u00e9tournement de deniers publics qui mit fin \u00e0 la carri\u00e8re de l\u2019ancien&nbsp;maire de Dakar Khalifa Sall.<\/p>\n\n\n\n<p>Pape Al\u00e9 Niang refuse de voir son engagement se cantonner \u00e0 la d\u00e9fense de la cause d\u2019Ousmane Sonko avec qui il a tiss\u00e9 des liens d\u2019amiti\u00e9. &nbsp;Un rapport de confiance entre les deux hommes qui s\u2019est traduit lors de la soir\u00e9e \u00e9lectorale de la Pr\u00e9sidentielle 2019.<\/p>\n\n\n\n<p>Devant la presse nationale et internationale, le maire de Ziguinchor va d\u00e9noncer d\u2019\u00e9ventuelles fraudes perp\u00e9tr\u00e9es par le camp pr\u00e9sidentiel, sur la base des informations fournies par de son \u2018\u2019ami\u2019\u2019.<\/p>\n\n\n\n<p><strong>Un lanceur d\u2019alerte au c\u0153ur des scandales de la R\u00e9publique<\/strong><\/p>\n\n\n\n<p>Ce quadrag\u00e9naire s\u2019est fait le sp\u00e9cialiste des r\u00e9v\u00e9lations en tout genre sous le r\u00e8gne de Macky Sall. Malgr\u00e9 la pr\u00e9sence d\u2019un fr\u00e8re ain\u00e9 au c\u0153ur de l\u2019appareil \u00e9tatique, Maguette Niang, directeur g\u00e9n\u00e9ral du Budget au minist\u00e8re des Finances, Pape Al\u00e9 Niang s\u2019est fait un devoir de faire tomber le r\u00e9gime de \u2018\u2019Niangal\u2019\u2019 Sall et n\u2019h\u00e9site pas \u00e0 cogner sur le pr\u00e9sident et certains pontes du r\u00e9gime.<\/p>\n\n\n\n<p>Dans son livre \u2018\u2019Scandale au c\u0153ur de la R\u00e9publique &#8211; Dossier Coud\u2019\u2019 en 2020, il n\u2019a pas h\u00e9sit\u00e9 \u00e0 fouiller, sur la base du rapport 2014-2015 de l&rsquo;Office national de lutte contre la fraude et la corruption (Ofnac), la gestion du Centre des \u0153uvres universitaires de Dakar qu\u2019il consid\u00e9rait comme l\u2019un des plus gros scandales financiers sous l\u2019\u00e8re Macky Sall. &nbsp;<\/p>\n\n\n\n<p>Pape Al\u00e9 Niang a toujours \u00e9t\u00e9 un personnage ind\u00e9pendant et de nature t\u00eatue. \u2018\u2019Je peux aussi dire que Pan est une personne tr\u00e8s joviale, un peu taquine \u00e0 la limite. Mais d\u00e8s qu\u2019il croit en quelque chose, il va jusqu\u2019au bout et il faut d\u00e9ployer une bonne capacit\u00e9 de persuasion pour le contraindre \u00e0 renoncer. C\u2019est un esprit t\u00e9m\u00e9raire et un peu rebelle qui se cache derri\u00e8re ce syndicaliste qui n\u2019a jamais h\u00e9sit\u00e9 \u00e0 monter au front pour d\u00e9fendre des coll\u00e8gues embastill\u00e9s\u2019\u2019, soutient l\u2019ancien directeur de Sud FM, Oumar Diouf Fall.<\/p>\n\n\n\n<p>Dot\u00e9 d\u2019une audace sans limites, il n&rsquo;h\u00e9site pas \u00e0 mettre le doigt sur des dossiers sulfureux de la R\u00e9publique, comme celui de Locafrique au blanchiment d\u2019argent op\u00e9r\u00e9 par certains membres \u00e9minents de la communaut\u00e9 libanaise au S\u00e9n\u00e9gal, en passant par l\u2019assassinat de Me Babacar S\u00e8ye. D&rsquo;apr\u00e8s plusieurs informations, ces enqu\u00eates serviront de base de travail au livre&nbsp;d\u2019Abdou Latif Coulibaly, son ancien professeur \u00e0 l\u2019Issic, consacr\u00e9 \u00e0 cette affaire.&nbsp;<\/p>\n\n\n\n<p><strong>Un nouveau directeur g\u00e9n\u00e9ral de la RTS \u00e0 l\u2019\u00e9preuve<\/strong><\/p>\n\n\n\n<p>Pape Al\u00e9 Niang, qui n\u2019a jamais \u00e9t\u00e9 tendre avec la RTS, se trouve d\u00e9sormais propuls\u00e9 \u00e0 la t\u00eate de la grosse boite du Triangle Sud, provoquant l\u2019incompr\u00e9hension de certains employ\u00e9s qui auraient pr\u00e9f\u00e9r\u00e9 un personnage moins clivant \u00e0 la t\u00eate de la Radiot\u00e9l\u00e9vision du S\u00e9n\u00e9gal.<\/p>\n\n\n\n<p>Mais pour Mama Moussa Niang, secr\u00e9taire g\u00e9n\u00e9ral de la section RTS du Syndicat des professionnels de l\u2019audiovisuel public (Synpap), c\u2019est un faux d\u00e9bat. \u2018\u2019Ce qui importe pour nous, c\u2019est d\u2019avoir un bon directeur capable de jouer le r\u00f4le de coordinateur, de capitaine\u2019\u2019, indique-t-il.<\/p>\n\n\n\n<p>Pape Al\u00e9 Niang&nbsp;a toujours \u00e9t\u00e9 un homme engag\u00e9, qui n\u2019a jamais h\u00e9sit\u00e9 \u00e0 d\u00e9fendre les opprim\u00e9s et les victimes d\u2019injustice, m\u00eame au p\u00e9ril de sa vie, nous r\u00e9v\u00e8le son ancien patron \u00e0 la radio Sud FM Oumar Diouf Fall. \u2018\u2019J\u2019ai encadr\u00e9 Pape Al\u00e9 Niang, quand il est fra\u00eechement sorti de l\u2019Issic. Il a aff\u00fbt\u00e9 ses armes dans la station Sud Banlieue avec d\u2019autres jeunes reporters comme Isseu Niang, Nd\u00e8ye Mari\u00e8me Ndiaye, Abdoulaye Ciss\u00e9 et Fabrice Nguema. C\u2019\u00e9tait un journaliste comp\u00e9tent, dot\u00e9 d\u2019un bagage intellectuel et bosseur par nature. Il ne rechignait jamais \u00e0 la t\u00e2che et \u00e9tait tr\u00e8s d\u00e9vou\u00e9 \u00e0 sa t\u00e2che. Il \u00e9tait pr\u00e9sent d\u00e8s 4 h pour faire la revue de presse avec l\u2019\u00e9quipe du matin\u2019\u2019, informe-t-il.<\/p>\n\n\n\n<p>Combatif, Pan aime bousculer les hi\u00e9rarchies et les codes de son m\u00e9tier qui rendent parfois routinier le travail de journaliste. \u2018\u2019En tant que r\u00e9dacteur en chef de l\u2019information, il nous incitait quotidiennement \u00e0 faire des reportages et \u00e0 d\u00e9laisser les conf\u00e9rences de presse. Il ne voulait pas d\u2019un journalisme passif\u2019\u2019, r\u00e9v\u00e8le un de ses reporters. Cette personne s\u2019est toujours pr\u00e9sent\u00e9e comme quelqu&rsquo;un d&rsquo;ind\u00e9pendant, qui n\u2019h\u00e9site jamais \u00e0 vous dire la v\u00e9rit\u00e9 en face, peu importe les cons\u00e9quences. Une intransigeance qui va lui co\u00fbter sa place dans la cha\u00eene d\u2019El Hadj Ndiaye avec lequel il s\u2019est brouill\u00e9 \u00e0 la fin de leur collaboration en 2019, apr\u00e8s l\u2019\u00e9pisode Sud FM. Selon plusieurs rumeurs, le choix d\u2019inviter le leader du Pastef, Ousmane Sonko, le 31 d\u00e9cembre 2018, lui a valu son licenciement \u00e0 la 2STV. Une version contest\u00e9e par le pr\u00e9sident-directeur g\u00e9n\u00e9ral d\u2019Origines SA qui \u00e9voque une succession de pieds de nez \u00e0 son autorit\u00e9 de la part de son animateur f\u00e9tiche qui a finalement justifi\u00e9 son licenciement.&nbsp;<\/p>\n\n\n\n<p>Apr\u00e8s un passage \u00e9clair \u00e0 la Sen TV, cet homme mari\u00e9 r\u00e9ussit \u00e0 mettre sur pied son propre site d\u2019informations Dakar Matin, offrant une large tribune aux opposants du r\u00e9gime de Macky Sall.<\/p>\n\n\n\n<p>Pour Oumar Diouf Fall, cette volont\u00e9 de pr\u00e9server sa libert\u00e9 d\u2019action et ses convictions profondes est si forte en lui qu\u2019il n\u2019h\u00e9sitera pas \u00e0 d\u00e9missionner ou \u00e0 aller au clash si on veut le forcer \u00e0 faire des choses contraires \u00e0 ses croyances.<\/p>\n\n\n\n<p><strong>Profession de foi d\u2019un journaliste militant<\/strong><\/p>\n\n\n\n<p>La profession de foi de ce journaliste militant tr\u00f4ne en premi\u00e8re page sur son compte X&nbsp;: \u2018\u2019Je suis un journaliste s\u00e9n\u00e9galais engag\u00e9 pour les causes justes. Je me bats pour une v\u00e9ritable soci\u00e9t\u00e9 d\u00e9mocratique ancr\u00e9e dans la bonne gouvernance.\u2019\u2019 Une d\u00e9marche qui a toujours \u00e9t\u00e9 en ad\u00e9quation avec sa d\u00e9votion pour le m\u00e9tier de journaliste.<\/p>\n\n\n\n<p>Ainsi, d\u2019apr\u00e8s Ibrahima Lissa Faye, journaliste et fondateur du site en ligne Pressafrik qui l\u2019a c\u00f4toy\u00e9 au groupe Sud Communication, derri\u00e8re ce petit homme \u00e0 la carrure fr\u00eale et aux lunettes bien ajust\u00e9es sur le nez, lui donnant un air de professeur, se cache un farouche combattant et d\u00e9fenseur de la presse. \u2018\u2019Je me souviens qu\u2019on avait cr\u00e9\u00e9 avec Habiboulah Fall, Pap\u00e9 Al\u00e9 Niang et moi la Convention des jeunes reporters du S\u00e9n\u00e9gal (CJRS) et lui \u00e9tait charg\u00e9 des relations publiques. On s\u2019est engag\u00e9 corps et \u00e2me dans la lutte pour faire lib\u00e9rer Madiambal Diagne, patron du journal \u2018le Quotidien\u2019, en 2004. On peut dire qu\u2019il a toujours fait du journalisme engag\u00e9. Je peux vous dire que c\u2019est un homme tr\u00e8s gentil et affable. Mais, par moments, il peut s\u2019emporter\u2019\u2019, affirme le pr\u00e9sident de l\u2019Association de la presse en ligne.<\/p>\n\n\n\n<p>Pape Al\u00e9 Niang s\u2019est toujours pr\u00e9sent\u00e9 comme un chevalier blanc qui part en croisade contre l\u2019autoritarisme et la gabegie.&nbsp;Nd\u00e8ye Fatou Sy, son ancienne coll\u00e8gue, se souvient d\u2019un journaliste toujours&nbsp;\u00e0 l\u2019aff\u00fbt d\u2019informations de premi\u00e8re main et si possible d\u00e9rangeantes pour le pouvoir, fait-elle savoir dans le magazine panafricain \u2018\u2019Jeune Afrique\u2019\u2019. Depuis 2019, \u00e0 travers son site en ligne Dakar Matin, Pape Al\u00e9 Niang, \u00e0 travers ses vid\u00e9os en wolof, a r\u00e9ussi \u00e0 avoir un public fid\u00e8le et une forte communaut\u00e9 en ligne qui en fait l\u2019un des journalistes les plus suivis sur le Net.&nbsp; M\u00eame si les principes de base du journalisme d\u2019investigation sont parfois chahut\u00e9s au profit de la recherche effr\u00e9n\u00e9e de scoops et de la volont\u00e9 d\u2019alimenter un narratif anti-pouvoir sous Macky Sall.&nbsp;<\/p>\n\n\n\n<p><em><strong>Mamadou Makhfouse NGOM<\/strong><\/em><\/p>\n\n\n\n<p>SOURCE ENQUETESPLUS<\/p>\n","protected":false},"excerpt":{"rendered":"<p>Pape Al\u00e9 Niang, nouveau Directeur G\u00e9n\u00e9ral de la RTS, a toujours \u00e9t\u00e9 un personnage clivant qui n\u2019a jamais h\u00e9sit\u00e9 \u00e0<\/p>\n","protected":false},"author":1,"featured_media":36065,"comment_status":"open","ping_status":"open","sticky":false,"template":"","format":"standard","meta":{"footnotes":""},"categories":[21],"tags":[],"class_list":["post-36064","post","type-post","status-publish","format-standard","has-post-thumbnail","hentry","category-societe"],"_links":{"self":[{"href":"https:\/\/dekkbi.com\/index.php?rest_route=\/wp\/v2\/posts\/36064","targetHints":{"allow":["GET"]}}],"collection":[{"href":"https:\/\/dekkbi.com\/index.php?rest_route=\/wp\/v2\/posts"}],"about":[{"href":"https:\/\/dekkbi.com\/index.php?rest_route=\/wp\/v2\/types\/post"}],"author":[{"embeddable":true,"href":"https:\/\/dekkbi.com\/index.php?rest_route=\/wp\/v2\/users\/1"}],"replies":[{"embeddable":true,"href":"https:\/\/dekkbi.com\/index.php?rest_route=%2Fwp%2Fv2%2Fcomments&post=36064"}],"version-history":[{"count":2,"href":"https:\/\/dekkbi.com\/index.php?rest_route=\/wp\/v2\/posts\/36064\/revisions"}],"predecessor-version":[{"id":36067,"href":"https:\/\/dekkbi.com\/index.php?rest_route=\/wp\/v2\/posts\/36064\/revisions\/36067"}],"wp:featuredmedia":[{"embeddable":true,"href":"https:\/\/dekkbi.com\/index.php?rest_route=\/wp\/v2\/media\/36065"}],"wp:attachment":[{"href":"https:\/\/dekkbi.com\/index.php?rest_route=%2Fwp%2Fv2%2Fmedia&parent=36064"}],"wp:term":[{"taxonomy":"category","embeddable":true,"href":"https:\/\/dekkbi.com\/index.php?rest_route=%2Fwp%2Fv2%2Fcategories&post=36064"},{"taxonomy":"post_tag","embeddable":true,"href":"https:\/\/dekkbi.com\/index.php?rest_route=%2Fwp%2Fv2%2Ftags&post=36064"}],"curies":[{"name":"wp","href":"https:\/\/api.w.org\/{rel}","templated":true}]}}