{"id":36050,"date":"2024-05-08T13:06:09","date_gmt":"2024-05-08T13:06:09","guid":{"rendered":"https:\/\/dekkbi.com\/?p=36050"},"modified":"2024-05-08T13:06:10","modified_gmt":"2024-05-08T13:06:10","slug":"imf-repond-au-sudes-esr-les-reglements-de-comptes-nont-pas-droit-de-cite-a-luniversite","status":"publish","type":"post","link":"https:\/\/dekkbi.com\/?p=36050","title":{"rendered":"IMF r\u00e9pond au Sudes\/Esr : \u00abLes r\u00e8glements de comptes n\u2019ont pas droit de cit\u00e9 \u00e0 l\u2019universit\u00e9\u00bb"},"content":{"rendered":"\n<p><strong>L\u2019ancien ministre Isma\u00efla Madior Fall a r\u00e9agi \u00e0 la pol\u00e9mique suscit\u00e9e par sa demande de rejoindre l\u2019Ifan. M. Fall, qui r\u00e9pond au Sudes\/Esr, estime que les syndicalistes qui accusent le Recteur de vouloir le caser \u00e0 l\u2019Ifan \u00absont ou ignorants des r\u00e8gles qui r\u00e9gissent le statut des enseignants-chercheurs ou de mauvaise foi\u00bb.<\/strong><\/p>\n\n\n\n<p><strong>Par Dieynaba KANE \u2013&nbsp;<\/strong>C\u2019est un d\u00e9bat qui enflamme le pays depuis quelques heures. La r\u00e9action du Pr Isma\u00efla Madior Fall ne s\u2019est pas fait attendre, suite \u00e0 la sortie du Sudes\/Esr qui d\u00e9non\u00e7ait une tentative de \u00abparachutage\u00bb de l\u2019ancien ministre \u00e0 l\u2019Ifan. Dans un communiqu\u00e9 lundi, les syndicalistes du Sudes\/Esr accusaient le Recteur de l\u2019Ucad de vouloir caser l\u2019ancien ministre de la Justice et des Affaires \u00e9trang\u00e8res dans cette structure en violation \u00abdes proc\u00e9dures et r\u00e8gles d\u2019affectation du personnel d\u2019enseignement et de recherche comme stipul\u00e9 dans les articles 8 et 24 du d\u00e9cret 84-1184 du 13 octobre 1984 portant organisation et fonctionnement de l\u2019Institut fondamental d\u2019Afrique noire\u00bb.<\/p>\n\n\n\n<p>R\u00e9pondant aux attaques, Isma\u00efla Madior Fall, qui informe avoir \u00abintroduit une demande aupr\u00e8s du Recteur\u00bb, soutient que ceux qui ont \u00e9crit ce communiqu\u00e9 fustigeant sa d\u00e9marche \u00absont ou ignorants des r\u00e8gles qui r\u00e9gissent le statut des enseignants chercheurs ou de mauvaise foi\u00bb. Et M. Fall d\u2019expliquer : \u00abLe Recteur ne peut pas et ne veut pas m\u2019affecter proprio motu \u00e0 l\u2019Ifan, il ne peut que soumettre ma demande aux instances d\u00e9lib\u00e9rantes des deux institutions (Ifan et Fsjp) pour avis avant de prendre une d\u00e9cision y relative.\u00bb<\/p>\n\n\n\n<p>Poursuivant ses propos, l\u2019ancien ministre ajoute : \u00abLa Fac donne un avis favorable, L\u2019Ifan de m\u00eame, des syndicalistes ne peuvent pas s\u2019y opposer. En cas de divergence d\u2019avis, je m\u2019acquitte de ma charge de professeur titulaire de classe exceptionnelle d\u2019une demi-journ\u00e9e par semaine. Et j\u2019ai tout mon temps libre \u00e0 moi.\u00bb Pour Isma\u00efla Madior Fall, \u00abc\u2019est une profanation des traditions universitaires et de la d\u00e9cence de ruer dans les brancards et de crier sur la place publique un avis d\u2019opposition qu\u2019on peut sereinement donner dans les instances appropri\u00e9es\u00bb. Et d\u2019indiquer : \u00abRespectons les usages et la libert\u00e9 acad\u00e9miques. Les r\u00e8glements de comptes personnels n\u2019ont pas droit de cit\u00e9 \u00e0 l\u2019universit\u00e9.\u00bb Par ailleurs, Pr Isma\u00efla Madior Fall a donn\u00e9 les raisons sur son choix de vouloir rejoindre l\u2019Ifan. Ainsi, il d\u00e9clare : \u00abApr\u00e8s avoir form\u00e9 une cinquantaine de docteurs et des professeurs agr\u00e9g\u00e9s, pr\u00e9sid\u00e9 le Concours d\u2019agr\u00e9gation de droit public du Cames et accumul\u00e9 une exp\u00e9rience gouvernementale d\u00e9cennale, j\u2019ai consid\u00e9r\u00e9 que, de retour \u00e0 l\u2019universit\u00e9, je serai plus utile \u00e0 la communaut\u00e9 universitaire en dirigeant des recherches sur divers sujets portant sur les politiques publiques et la gouvernance, plut\u00f4t que de donner des enseignements sur les disciplines classiques que les professeurs que j\u2019ai form\u00e9s assurent de mani\u00e8re remarquable. Mes&nbsp;activit\u00e9s d\u2019enseignement \u00e0 la Fsjp pourraient alors se limiter \u00e0 ce qu\u2019ils souhaitent que je compl\u00e8te par des conf\u00e9rences de m\u00e9thode et des cours sur des aspects pratiques non abord\u00e9s par les enseignements th\u00e9oriques.\u00bb<\/p>\n\n\n\n<p><strong>Pr\u00e9cisions du Rectorat<\/strong><\/p>\n\n\n\n<p><br>Le Rectorat a aussi r\u00e9agi suite \u00e0 la sortie du Sudes\/Esr. Pr Mbaye Thiam, porte-parole du Recteur, soutient que \u00abcette d\u00e9marche entre dans le cadre normal des choses, puisque pr\u00e9vue par les textes\u00bb.\u00a0Il pr\u00e9cise que\u00a0\u00abIsma\u00efla Madior Fall, une fois de retour dans sa facult\u00e9 d\u2019origine, peut demander une affection \u00e0 l\u2019Ifan. Mais cela ne d\u00e9pend pas du Recteur qui ne fait qu\u2019ent\u00e9riner des d\u00e9cisions des instances de d\u00e9part et d\u2019accueil\u00bb. Et d\u2019\u00e9clairer :\u00a0\u00abCe n\u2019est pas le Recteur qui l\u2019affecte \u00e0 l\u2019Ifan. Pour aller \u00e0 l\u2019Ifan, son d\u00e9partement d\u2019origine de la Facult\u00e9 des sciences juridiques et politiques doit donner un avis favorable.\u00a0Et c\u2019est seulement apr\u00e8s cette proc\u00e9dure que Isma\u00efla Madior Fall pourra int\u00e9grer l\u2019Ifan. Ainsi, si jamais son d\u00e9partement d\u2019origine ne veut pas le lib\u00e9rer ou que le d\u00e9partement de l\u2019Ifan vis\u00e9 ne veut pas l\u2019accueillir, le Recteur ne pourra nullement l\u2019y affecter.\u00bb<\/p>\n\n\n\n<p><br><strong>dkane@lequotidien.sn<\/strong><\/p>\n","protected":false},"excerpt":{"rendered":"<p>L\u2019ancien ministre Isma\u00efla Madior Fall a r\u00e9agi \u00e0 la pol\u00e9mique suscit\u00e9e par sa demande de rejoindre l\u2019Ifan. M. Fall, qui<\/p>\n","protected":false},"author":1,"featured_media":35972,"comment_status":"open","ping_status":"open","sticky":false,"template":"","format":"standard","meta":{"footnotes":""},"categories":[21],"tags":[],"class_list":["post-36050","post","type-post","status-publish","format-standard","has-post-thumbnail","hentry","category-societe"],"_links":{"self":[{"href":"https:\/\/dekkbi.com\/index.php?rest_route=\/wp\/v2\/posts\/36050","targetHints":{"allow":["GET"]}}],"collection":[{"href":"https:\/\/dekkbi.com\/index.php?rest_route=\/wp\/v2\/posts"}],"about":[{"href":"https:\/\/dekkbi.com\/index.php?rest_route=\/wp\/v2\/types\/post"}],"author":[{"embeddable":true,"href":"https:\/\/dekkbi.com\/index.php?rest_route=\/wp\/v2\/users\/1"}],"replies":[{"embeddable":true,"href":"https:\/\/dekkbi.com\/index.php?rest_route=%2Fwp%2Fv2%2Fcomments&post=36050"}],"version-history":[{"count":1,"href":"https:\/\/dekkbi.com\/index.php?rest_route=\/wp\/v2\/posts\/36050\/revisions"}],"predecessor-version":[{"id":36051,"href":"https:\/\/dekkbi.com\/index.php?rest_route=\/wp\/v2\/posts\/36050\/revisions\/36051"}],"wp:featuredmedia":[{"embeddable":true,"href":"https:\/\/dekkbi.com\/index.php?rest_route=\/wp\/v2\/media\/35972"}],"wp:attachment":[{"href":"https:\/\/dekkbi.com\/index.php?rest_route=%2Fwp%2Fv2%2Fmedia&parent=36050"}],"wp:term":[{"taxonomy":"category","embeddable":true,"href":"https:\/\/dekkbi.com\/index.php?rest_route=%2Fwp%2Fv2%2Fcategories&post=36050"},{"taxonomy":"post_tag","embeddable":true,"href":"https:\/\/dekkbi.com\/index.php?rest_route=%2Fwp%2Fv2%2Ftags&post=36050"}],"curies":[{"name":"wp","href":"https:\/\/api.w.org\/{rel}","templated":true}]}}