{"id":36021,"date":"2024-05-08T12:14:49","date_gmt":"2024-05-08T12:14:49","guid":{"rendered":"https:\/\/dekkbi.com\/?p=36021"},"modified":"2024-05-08T12:37:36","modified_gmt":"2024-05-08T12:37:36","slug":"lua-tire-le-bilan-de-la-premiere-decennie-dexecution-de-son-agenda-2063","status":"publish","type":"post","link":"https:\/\/dekkbi.com\/?p=36021","title":{"rendered":"L\u2019UA tire le bilan de la premi\u00e8re d\u00e9cennie d\u2019ex\u00e9cution de son Agenda 2063"},"content":{"rendered":"\n<p>Dakar,  (APS) \u2013 Des repr\u00e9sentants de la Fondation pour le renforcement des capacit\u00e9s africaines (ACBF), de la Commission de l\u2019Union africaine et de l\u2019\u00c9tat du S\u00e9n\u00e9gal se sont r\u00e9unis mardi \u00e0 Dakar pour tirer le bilan de la premi\u00e8re d\u00e9cennie d\u2019ex\u00e9cution de l\u2019Agenda 2063 de l\u2019organisation panafricaine.<\/p>\n\n\n\n<p>Cette rencontre fait partie en m\u00eame temps des activit\u00e9s de lancement du deuxi\u00e8me plan d\u00e9cennal de l\u2019Agenda 2063, dont l\u2019ex\u00e9cution d\u00e9marre cette ann\u00e9e. Elle se poursuivra jusqu\u2019\u00e0 vendredi.<\/p>\n\n\n\n<p>L\u2019Agenda 2063 est \u2018\u2019le sch\u00e9ma et le plan directeur [\u2026] visant \u00e0 transformer l\u2019Afrique en puissance mondiale\u2019\u2019.<\/p>\n\n\n\n<p>\u2018\u2019La premi\u00e8re d\u00e9cennie de la mise en \u0153uvre de l\u2019Agenda 2063, de 2014 \u00e0 2023, a permis \u00e0 notre continent de faire d\u2019importants progr\u00e8s [\u2026] et de cr\u00e9er les conditions d\u2019une convergence\u2019\u2019 des \u00c9tats membres de l\u2019UA, a signal\u00e9 Aboubacar Sakho, conseiller technique au minist\u00e8re s\u00e9n\u00e9galais de l\u2019\u00c9conomie, du Plan et de la Coop\u00e9ration.<\/p>\n","protected":false},"excerpt":{"rendered":"<p>Dakar, (APS) \u2013 Des repr\u00e9sentants de la Fondation pour le renforcement des capacit\u00e9s africaines (ACBF), de la Commission de l\u2019Union<\/p>\n","protected":false},"author":1,"featured_media":36022,"comment_status":"open","ping_status":"open","sticky":false,"template":"","format":"standard","meta":{"footnotes":""},"categories":[6],"tags":[],"class_list":["post-36021","post","type-post","status-publish","format-standard","has-post-thumbnail","hentry","category-politics"],"_links":{"self":[{"href":"https:\/\/dekkbi.com\/index.php?rest_route=\/wp\/v2\/posts\/36021","targetHints":{"allow":["GET"]}}],"collection":[{"href":"https:\/\/dekkbi.com\/index.php?rest_route=\/wp\/v2\/posts"}],"about":[{"href":"https:\/\/dekkbi.com\/index.php?rest_route=\/wp\/v2\/types\/post"}],"author":[{"embeddable":true,"href":"https:\/\/dekkbi.com\/index.php?rest_route=\/wp\/v2\/users\/1"}],"replies":[{"embeddable":true,"href":"https:\/\/dekkbi.com\/index.php?rest_route=%2Fwp%2Fv2%2Fcomments&post=36021"}],"version-history":[{"count":1,"href":"https:\/\/dekkbi.com\/index.php?rest_route=\/wp\/v2\/posts\/36021\/revisions"}],"predecessor-version":[{"id":36023,"href":"https:\/\/dekkbi.com\/index.php?rest_route=\/wp\/v2\/posts\/36021\/revisions\/36023"}],"wp:featuredmedia":[{"embeddable":true,"href":"https:\/\/dekkbi.com\/index.php?rest_route=\/wp\/v2\/media\/36022"}],"wp:attachment":[{"href":"https:\/\/dekkbi.com\/index.php?rest_route=%2Fwp%2Fv2%2Fmedia&parent=36021"}],"wp:term":[{"taxonomy":"category","embeddable":true,"href":"https:\/\/dekkbi.com\/index.php?rest_route=%2Fwp%2Fv2%2Fcategories&post=36021"},{"taxonomy":"post_tag","embeddable":true,"href":"https:\/\/dekkbi.com\/index.php?rest_route=%2Fwp%2Fv2%2Ftags&post=36021"}],"curies":[{"name":"wp","href":"https:\/\/api.w.org\/{rel}","templated":true}]}}