{"id":3601,"date":"2022-11-21T12:14:21","date_gmt":"2022-11-21T12:14:21","guid":{"rendered":"https:\/\/dekkbi.com\/?p=3601"},"modified":"2022-11-21T12:14:34","modified_gmt":"2022-11-21T12:14:34","slug":"fin-du-sommet-de-djerba-la-francophonie-invisible","status":"publish","type":"post","link":"https:\/\/dekkbi.com\/?p=3601","title":{"rendered":"Fin du sommet de Djerba: la Francophonie invisible?"},"content":{"rendered":"\n<p>Le XVIIIe Sommet de la Francophonie s\u2019est achev\u00e9 avec la reconduction de la secr\u00e9taire g\u00e9n\u00e9rale Louise Mushikiwabo \u00e0 la t\u00eate de l\u2019Organisation de la Francophonie pour un second mandat. Si le fran\u00e7ais est de plus en plus employ\u00e9 \u00e0 travers le monde, le premier mandat de Mme Mushikiwabo semble avoir co\u00efncid\u00e9 avec une invisibilit\u00e9 de l\u2019action de son organisation \u00e0 l\u2019international. Les critiques appellent \u00e0 la refondation de l\u2019espace francophone. \u00a0 \u00a0\u00a0<\/p>\n\n\n\n<p>SOUR CE RFI<\/p>\n\n\n\n<p>\u00ab<em>&nbsp;J\u2019ai beau chercher, mais j\u2019ai du mal \u00e0 me rappeler quelque initiatives fortes et marquantes prises par l\u2019Organisation de la Francophonie (OIF) au cours des derni\u00e8res ann\u00e9es. J\u2019ai bien l\u2019impression que la Francophonie ne s\u2019est pas beaucoup signal\u00e9e \u00e0 l\u2019attention depuis le d\u00e9part \u00e0 la retraite en 2014 du secr\u00e9taire g\u00e9n\u00e9ral de l\u2019\u00e9poque, Abdou Diouf, qui, lui, avait exerc\u00e9 pendant sa mandature une v\u00e9ritable magistrature d\u2019influence sur les pays de l\u2019aire francophone&nbsp;<\/em>\u00bb, confiait r\u00e9cemment au micro de RFI, l\u2019homme politique mauricien et diplomate Jean-Claude de L\u2019Estrac.&nbsp;<\/p>\n\n\n\n<p>Jean-Claude de L\u2019Estrac n\u2019est pas un inconnu dans le monde de la Francophonie institutionnelle. Beaucoup se souviennent encore de ce grand francophone qui s\u2019\u00e9tait port\u00e9 candidat en 2014 \u00e0 la succession d\u2019Abdou Diouf. Mais c\u2019est sa concurrente principale, la Canadienne d\u2019origine ha\u00eftienne Micha\u00eblle Jean qui fut finalement nomm\u00e9e au poste de secr\u00e9taire g\u00e9n\u00e9ral. Elle avait \u00e9t\u00e9 adoub\u00e9e par le pr\u00e9sident fran\u00e7ais de l\u2019\u00e9poque Fran\u00e7ois Hollande qui imposa sa candidature aux autres \u00c9tats membres de l\u2019organisation, notamment aux Africains. Depuis, dans un essai riche en anecdotes et r\u00e9flexions sur le devenir francophone, intitul\u00e9&nbsp;<em>Francophonie : de Hanoi \u00e0 Dakar, le pacte bris\u00e9&nbsp;<\/em>(1), le Mauricien est longuement revenu sur les raisons de sa d\u00e9faite, malgr\u00e9 une campagne de grande teneur et des soutiens prestigieux \u00e0 sa candidature.<\/p>\n\n\n\n<p>Aujourd\u2019hui, Jean-Claude de L\u2019Estrac n\u2019est pas le seul \u00e0 pointer le manque de dynamisme et d\u2019ambition du mouvement francophone. D\u2019autres personnalit\u00e9s se sont prononc\u00e9es dans ce sens, notamment le po\u00e8te s\u00e9n\u00e9galais Amadou Lamine Sall, qui a fustig\u00e9 dans une tribune r\u00e9cente parue dans un quotidien canadien la \u00ab&nbsp;<em>douloureuse l\u00e9thargie<\/em>&nbsp;\u00bb de l\u2019OIF et son \u00ab<em>&nbsp;invisibilit\u00e9&nbsp;<\/em>\u00bb, faute d\u2019un leadership ad\u00e9quat \u00e0 sa t\u00eate.&nbsp;<\/p>\n\n\n\n<figure class=\"wp-block-image size-full\"><img loading=\"lazy\" decoding=\"async\" width=\"1\" height=\"1\" src=\"https:\/\/dekkbi.com\/wp-content\/uploads\/2022\/11\/image-6.gif\" alt=\"\" class=\"wp-image-3602\"\/><figcaption class=\"wp-element-caption\">Louise Mushikiwabo \u00e0 Djerba (Tunisie) le 18 novembre 2022.&nbsp;\u00a9 F24 \/ RFI<\/figcaption><\/figure>\n\n\n\n<p>Paradoxalement, Micha\u00eblle Jean qui a d\u00fb c\u00e9der son fauteuil, au terme de son premier mandat il y a quatre ans, \u00e0 l\u2019actuelle secr\u00e9taire g\u00e9n\u00e9rale, la Rwandaise Louise Mushikiwabo, a elle aussi rejoint le rang des d\u00e9\u00e7us de la Francophonie, et plaide pour sa refondation. Dans un long article publi\u00e9 dans le mensuel&nbsp;<em>Monde diplomatique<\/em>&nbsp;(2), \u00e0 l\u2019occasion du sommet des chefs d\u2019\u00c9tats qui s\u2019est achev\u00e9 ce dimanche \u00e0 l\u2019\u00eele de Djerba, en Tunisie, l\u2019ex-secr\u00e9taire g\u00e9n\u00e9ral critique les orientations prises par l\u2019OIF depuis son d\u00e9part et accuse notamment la France, le principal bailleur de fonds de l\u2019organisation, de vouloir rel\u00e9guer &nbsp;la Francophonie \u00e0 la d\u00e9fense et l\u2019illustration du fran\u00e7ais, d\u00e9niant \u00e0 l\u2019organisation le droit de s\u2019int\u00e9resser aux enjeux g\u00e9opolitiques ou environnementaux.&nbsp;<\/p>\n\n\n\n<p><strong>Naissance de la Francophonie<\/strong><\/p>\n\n\n\n<p>L\u2019histoire de la francophonie remonte aux temps coloniaux, plus pr\u00e9cis\u00e9ment \u00e0 1880, lorsque le g\u00e9ographe fran\u00e7ais On\u00e9sime Reclus introduisit le terme \u00ab&nbsp;<em>Francophonie<\/em>&nbsp;\u00bb dans son ouvrage&nbsp;<em>France, Alg\u00e9rie et colonies<\/em>, consacrant la p\u00e9rennit\u00e9 de l\u2019empire colonial fran\u00e7ais. Dans l\u2019esprit du g\u00e9ographe, ce n\u00e9ologisme d\u00e9signait l\u2019ensemble des locuteurs du fran\u00e7ais \u00e0 travers le monde, avec la langue comme principal ciment du projet imp\u00e9rial. Or le projet imp\u00e9rial ne r\u00e9sista pas aux guerres et trag\u00e9dies qui ont ponctu\u00e9 la premi\u00e8re moiti\u00e9 du XXe si\u00e8cle.&nbsp;<\/p>\n\n\n\n<p>La premi\u00e8re refondation de l\u2019id\u00e9e francophone date ainsi de la fin des ann\u00e9es 1960, marqu\u00e9es par l\u2019effondrement de l\u2019empire colonial fran\u00e7ais et l\u2019entr\u00e9e en sc\u00e8ne des pays ind\u00e9pendants en Asie comme en Afrique. C\u2019est \u00e0 l\u2019initiative d\u2019un quatuor de leaders \u00e9clair\u00e9s issus des nouveaux pays dont le S\u00e9n\u00e9galais L\u00e9opold S\u00e9dar Senghor et le Tunisien Habib Bourguiba que voit le jour le 20 mars 1970, avec 21 \u00c9tats membre, la premi\u00e8re agence de la Francophonie institutionnelle, d\u00e9sign\u00e9 sous le nom de l\u2019Agence de coop\u00e9ration culturelle et technique (ACCT). Pour les p\u00e8res fondateurs de la Francophonie, comme l\u2019\u00e9crivait Senghor, d\u00e8s 1962, dans un c\u00e9l\u00e8bre article publi\u00e9 dans la revue Esprit, \u00ab&nbsp;<em>Le fran\u00e7ais, langue de culture<\/em>&nbsp;\u00bb \u00ab&nbsp;<em>merveilleux outil, trouv\u00e9 dans les d\u00e9combres de la colonisation<\/em>&nbsp;\u00bb, devait servir \u00e0 consolider des liens et des \u00e9changes entre les pays francophones. A l\u2019ACCT, l\u2019anc\u00eatre de la future l\u2019OIF cr\u00e9\u00e9e en 2006, incomba alors la t\u00e2che d\u2019imaginer les conditions et les modalit\u00e9s op\u00e9rationnelles de ces \u00e9changes.<\/p>\n\n\n\n<p><strong>Reconfiguration politique<\/strong><\/p>\n\n\n\n<figure class=\"wp-block-image size-full\"><img loading=\"lazy\" decoding=\"async\" width=\"1\" height=\"1\" src=\"https:\/\/dekkbi.com\/wp-content\/uploads\/2022\/11\/image-7.gif\" alt=\"\" class=\"wp-image-3603\"\/><figcaption class=\"wp-element-caption\">Photo non dat\u00e9e de L\u00e9opold S\u00e9dar Senghor, pr\u00e9sident du S\u00e9n\u00e9gal entre 1960 et 1980.&nbsp;AFP<\/figcaption><\/figure>\n\n\n\n<p>Les ann\u00e9es 1980-90 repr\u00e9sentent un nouveau tournant pour la Francophonie institutionnelle avec l\u2019affirmation de la dimension politique du mouvement. Cette dimension \u00e9tait d\u00e9j\u00e0 pr\u00e9sente, sinon dans le texte, dans le sous-texte de la Convention de Niamey fondant l\u2019ACCT en 1970. Selon les dispositions de cette convention, la solidarit\u00e9 entre les Etats francophones \u00e9tait bas\u00e9e \u00e0 la fois sur le partage de la langue et des valeurs communes telles que la d\u00e9mocratie, les droits de l\u2019homme et la paix, qui participent, selon Senghor, \u00e0 l\u2019\u00e9mergence de cet \u00ab<em>&nbsp;humanisme int\u00e9gral&nbsp;<\/em>\u00bb qu\u2019il appelait de tous ses v\u0153ux dans son article dans la revue&nbsp;<em>Esprit<\/em>.&nbsp;<\/p>\n\n\n\n<p>A partir de 1986, avec la tenue \u00e0 intervalles r\u00e9guliers de sommets de chefs d\u2019\u00c9tats francophones, suivis de la nomination d\u2019un secr\u00e9taire g\u00e9n\u00e9ral \u00e0 la t\u00eate de la Francophonie, sur le mod\u00e8le des organisations des Nations unies, la dimension politique du mouvement francophone s\u2019est progressivement renforc\u00e9e, cr\u00e9dibilisant ses actions destin\u00e9es \u00e0 la promotion et \u00e0 la mise en place de processus de d\u00e9mocratisation dans ses \u00c9tats membres.<\/p>\n\n\n\n<p>Or, malgr\u00e9 ses succ\u00e8s dans les domaines de la d\u00e9mocratie et des droits de l\u2019homme, l\u2019OIF a vu son image se brouiller, notamment en Afrique o\u00f9 elle est souvent per\u00e7ue comme \u00ab&nbsp;<em>un instrument d\u2019influence fran\u00e7aise, voire un avatar du colonialisme<\/em>&nbsp;\u00bb, fait remarquer Antoine Glaser, sp\u00e9cialiste de l\u2019Afrique. \u00ab<em>&nbsp;Per\u00e7ue comme le cheval de Troie de la Fran\u00e7afrique et int\u00e9gr\u00e9e dans le syst\u00e8me politique, militaire, financier de la France en Afrique,&nbsp;<\/em>poursuit le politologue<em>, la Francophonie a fait l\u2019objet de critiques, encore r\u00e9cemment pour avoir \u00e9t\u00e9 aux abonn\u00e9s absents lors des \u00e9lections frauduleuses aux troisi\u00e8mes mandats de dirigeants africains ou encore face aux coups d\u2019Etat militaires au Mali, en Guin\u00e9e, au Tchad et au Burkina Faso.&nbsp;<\/em>\u00bb&nbsp;<\/p>\n\n\n\n<p>Le r\u00f4le pr\u00e9pond\u00e9rant de la France et du Canada, les deux principaux bailleurs de fonds de la Francophonie, dans la d\u00e9signation du secr\u00e9taire g\u00e9n\u00e9ral de l\u2019OIF, sont aussi r\u00e9guli\u00e8rement point\u00e9s du doigt par les critiques. \u00ab&nbsp;<em>Pendant ma tourn\u00e9e en Afrique en 2014 pour faire conna\u00eetre mes id\u00e9es et mes propositions en tant que candidat au poste du secr\u00e9taire g\u00e9n\u00e9ral, mes interlocuteurs n\u2019ont pas arr\u00eat\u00e9 de me demander ce que pensait la France de ma candidature&nbsp;<\/em>\u00bb, raconte non sans une certaine amertume Jean-Claude de L\u2019Estrac.&nbsp;<\/p>\n\n\n\n<p>L\u2019ex-secr\u00e9taire g\u00e9n\u00e9rale, Micha\u00eblle Jean, d\u00e9clare d\u2019avoir \u00e9t\u00e9 victime, pour sa part, de \u00ab&nbsp;<em>tractations politiques<\/em>&nbsp;\u00bb et de \u00ab&nbsp;<em>petits arrangements strat\u00e9giques men\u00e9es dans les coulisses&nbsp;<\/em>\u00bb pour lui priver un second mandat qu\u2019elle croyait amplement m\u00e9riter et pour \u00ab&nbsp;<em>offrir l\u2019OIF<\/em>, \u00e9crit Mme Jean dans son article dans&nbsp;<em>Le Monde diplomatique<\/em>,&nbsp;<em>\u00e0 nul autre que le pr\u00e9sident du Rwanda Paul Kagame, qui n\u2019a cure ni de la d\u00e9mocratie, ni des droits et des libert\u00e9s, et de surcro\u00eet a m\u00eame chass\u00e9 la langue fran\u00e7aise de l\u2019administration et de toutes les institutions de son pays, y compris acad\u00e9miques.<\/em>&nbsp;\u00bb La nomination il y a quatre ans de Mme Mushikiwabo au poste de secr\u00e9taire g\u00e9n\u00e9ral, tous s\u2019en souviennent, fut beaucoup comment\u00e9e dans les m\u00e9dias et elle suscita \u00e0 l\u2019\u00e9poque moult incompr\u00e9hensions et controverses.<\/p>\n\n\n\n<p><strong>Appels \u00e0 la refondation<\/strong><\/p>\n\n\n\n<p>\u00ab&nbsp;<em>Nous sommes aujourd\u2019hui tr\u00e8s loin<\/em>, se lamente Jean-Claude de L\u2019Estrac,&nbsp;<em>du beau et grand projet des p\u00e8res fondateurs qui avaient imagin\u00e9 la francophonie comme un espace de solidarit\u00e9 et d\u2019\u00e9changes entre pays membres plac\u00e9s sur un pieds d\u2019\u00e9galit\u00e9. Si nous nous sommes \u00e9loign\u00e9s de cet id\u00e9al, c\u2019est parce que la francophonie est devenue depuis plusieurs d\u00e9cennies un outil politique et diplomatique entre les mains des marchands et financiers, qui nous gouvernent.&nbsp;<\/em>\u00bb Et l\u2019ancien haut fonctionnaire mauricien d\u2019appeler \u00e0 la refondation de la Francophonie. Une refondation qui passe pour lui essentiellement par l\u2019\u00e9conomique. L\u2019homme milite aussi pour l\u2019industrialisation de l\u2019Afrique, un objectif qui faisait d\u00e9j\u00e0 partie des douze propositions sur lesquelles il avait b\u00e2ti sa campagne pour sa candidature en 2014 pour diriger l\u2019OIF.<\/p>\n\n\n\n<p>La Francophonie \u00e9conomique est une ambition que le Mauricien Jean-Claude de L\u2019Estrac partage avec les p\u00e8res fondateurs du mouvement. Vieux serpent de mer, cette id\u00e9e fait r\u00e9guli\u00e8rement surface \u00e0 la faveur des d\u00e9bats et des rencontres autour du devenir de l\u2019espace francophone. Tourn\u00e9e vers la culture, la Francophonie se pense aussi, et cela d\u00e8s ses premi\u00e8res chartes, comme un espace \u00e9conomique qui a fait de la question de la solidarit\u00e9 pour le d\u00e9veloppement l\u2019un de ses principaux enjeux.&nbsp;<\/p>\n\n\n\n<figure class=\"wp-block-image size-full\"><img loading=\"lazy\" decoding=\"async\" width=\"1\" height=\"1\" src=\"https:\/\/dekkbi.com\/wp-content\/uploads\/2022\/11\/image-8.gif\" alt=\"\" class=\"wp-image-3604\"\/><figcaption class=\"wp-element-caption\">C&rsquo;est en Afrique subsaharienne que la langue fran\u00e7aise est le plus parl\u00e9e.&nbsp;\u00a9 RFI Studio<\/figcaption><\/figure>\n\n\n\n<p>La r\u00e9alisation de cet enjeu ne semble pas aujourd\u2019hui hors de port\u00e9e, compte tenu de la formidable force de frappe de la Francophonie, telle qu\u2019elle est d\u00e9crite dans le rapport 2022 sur<em>&nbsp;La langue fran\u00e7aise dans le monde&nbsp;<\/em>(3). Selon ce document, le fran\u00e7ais, langue officielle de 29 pays, constitue la cinqui\u00e8me langue de la plan\u00e8te, forte de 321 millions de locuteurs \u00e0 travers le monde. Il est la quatri\u00e8me langue d\u2019internet, la troisi\u00e8me pour les \u00e9changes \u00e9conomiques, la deuxi\u00e8me pour les m\u00e9dias et les organisations internationales. En 2050, le monde comptera 750 millions de francophones, et 90% de jeunes francophones vivront en Afrique.<\/p>\n\n\n\n<p><strong>Newsletter<\/strong>Recevez toute l&rsquo;actualit\u00e9 internationale directement dans votre boite mail<a href=\"https:\/\/emailing.rfi.fr\/fr\/subscribe\" target=\"_blank\" rel=\"noreferrer noopener\">Je m&rsquo;abonne<\/a><\/p>\n\n\n\n<p>\u00ab&nbsp;<em>Les chiffres du rapport nous rappellent la n\u00e9cessit\u00e9 de refonder la Francophonie autour des axes de l\u2019\u00e9ducation, le co-d\u00e9veloppement et le respect de la diversit\u00e9 qui constituent \u00e0 mon avis les conditions&nbsp;<\/em>sine qua non<em>&nbsp;de l\u2019av\u00e8nement d\u2019un avenir francophone pacifique et prosp\u00e8re<\/em>&nbsp;\u00bb, souligne le Mauricien Jean-Claude de L\u2019Estrac.<\/p>\n\n\n\n<p>Est-ce que c\u2019est cette prise de conscience de l\u2019importance de la Francophonie \u00e9conomique qui a conduit l\u2019OIF \u00e0 prolonger d\u2019une journ\u00e9e son sommet 2022 \u00e0 Djerba par un Forum \u00e9conomique, avec pour th\u00e8mes la connectivit\u00e9 et la num\u00e9rique comme moteur de d\u00e9veloppement&nbsp;?&nbsp;Il se trouve que le d\u00e9veloppement du num\u00e9rique avec davantage de contenus est l\u2019un des projets phares de la secr\u00e9taire g\u00e9n\u00e9rale Louise Mushikiwabo, qui vient d\u2019\u00eatre reconduite \u00e0 la t\u00eate de l\u2019OIF pour un second mandat.&nbsp;<\/p>\n\n\n\n<p>(1)&nbsp;&nbsp; &nbsp;<em>Francophonie : de Hanoi \u00e0 Dakar, le pacte bris\u00e9<\/em>, par Jean-Claude de L\u2019Estrac. Editions Le Cherche-Midi, Paris, 2016<\/p>\n\n\n\n<p>(2)&nbsp;&nbsp; &nbsp;\u00ab&nbsp;<em>Entre France et francophonie, le mal entendu<\/em>&nbsp;\u00bb, par Micha\u00eblle Jean, in&nbsp;<em>Le Monde diplomatique<\/em>, novembre 2022<\/p>\n\n\n\n<p>(3)&nbsp;&nbsp; &nbsp;&nbsp;<em>La langue fran\u00e7aise dans le monde<\/em>, 2019-2022, coordonn\u00e9e par Alexandre Wolff, responsable de l\u2019Observatoire de la langue fran\u00e7aise. Editions Gallimard\/Organisation internationale de la Francophonie, 363 pages, Paris, 2022<\/p>\n","protected":false},"excerpt":{"rendered":"<p>Le XVIIIe Sommet de la Francophonie s\u2019est achev\u00e9 avec la reconduction de la secr\u00e9taire g\u00e9n\u00e9rale Louise Mushikiwabo \u00e0 la t\u00eate<\/p>\n","protected":false},"author":1,"featured_media":3605,"comment_status":"open","ping_status":"open","sticky":false,"template":"","format":"standard","meta":{"footnotes":""},"categories":[51],"tags":[],"class_list":["post-3601","post","type-post","status-publish","format-standard","has-post-thumbnail","hentry","category-general"],"_links":{"self":[{"href":"https:\/\/dekkbi.com\/index.php?rest_route=\/wp\/v2\/posts\/3601","targetHints":{"allow":["GET"]}}],"collection":[{"href":"https:\/\/dekkbi.com\/index.php?rest_route=\/wp\/v2\/posts"}],"about":[{"href":"https:\/\/dekkbi.com\/index.php?rest_route=\/wp\/v2\/types\/post"}],"author":[{"embeddable":true,"href":"https:\/\/dekkbi.com\/index.php?rest_route=\/wp\/v2\/users\/1"}],"replies":[{"embeddable":true,"href":"https:\/\/dekkbi.com\/index.php?rest_route=%2Fwp%2Fv2%2Fcomments&post=3601"}],"version-history":[{"count":1,"href":"https:\/\/dekkbi.com\/index.php?rest_route=\/wp\/v2\/posts\/3601\/revisions"}],"predecessor-version":[{"id":3606,"href":"https:\/\/dekkbi.com\/index.php?rest_route=\/wp\/v2\/posts\/3601\/revisions\/3606"}],"wp:featuredmedia":[{"embeddable":true,"href":"https:\/\/dekkbi.com\/index.php?rest_route=\/wp\/v2\/media\/3605"}],"wp:attachment":[{"href":"https:\/\/dekkbi.com\/index.php?rest_route=%2Fwp%2Fv2%2Fmedia&parent=3601"}],"wp:term":[{"taxonomy":"category","embeddable":true,"href":"https:\/\/dekkbi.com\/index.php?rest_route=%2Fwp%2Fv2%2Fcategories&post=3601"},{"taxonomy":"post_tag","embeddable":true,"href":"https:\/\/dekkbi.com\/index.php?rest_route=%2Fwp%2Fv2%2Ftags&post=3601"}],"curies":[{"name":"wp","href":"https:\/\/api.w.org\/{rel}","templated":true}]}}