{"id":35995,"date":"2024-05-07T12:28:55","date_gmt":"2024-05-07T12:28:55","guid":{"rendered":"https:\/\/dekkbi.com\/?p=35995"},"modified":"2024-05-07T12:28:56","modified_gmt":"2024-05-07T12:28:56","slug":"xi-jinping-en-france-en-chine-la-presse-scrute-chaque-detail-de-la-diplomatie-des-egards","status":"publish","type":"post","link":"https:\/\/dekkbi.com\/?p=35995","title":{"rendered":"Xi Jinping en France: en Chine, la presse scrute chaque d\u00e9tail de la \u00abdiplomatie des \u00e9gards\u00bb"},"content":{"rendered":"\n<p>Le pr\u00e9sident chinois Xi Jinping entame, mardi 7 mai, la deuxi\u00e8me partie, plus priv\u00e9e, de sa visite en France, avec un d\u00e9placement dans les Pyr\u00e9n\u00e9es avec le pr\u00e9sident fran\u00e7ais Emmanuel Macron. Peu de r\u00e9sultats attendus de cette partie, mais la presse chinoise suit de pr\u00e8s l\u2019attention r\u00e9serv\u00e9e \u00e0 Xi Jinping, comparant les questions de protocole \u00e0 l\u2019accueil fait par la Chine \u00e0 Emmanuel Macron en 2023.<\/p>\n\n\n\n<p><em>De notre correspondant \u00e0 P\u00e9kin,<\/em>\u00a0St\u00e9phane Lagarde &#8211; SOURCE RFI<\/p>\n\n\n\n<p>Apr\u00e8s la \u00ab\u00a0diplomatie du panda\u00a0\u00bb, celle des \u00ab\u00a0\u00e9gards\u00a0\u00bb. Depuis dimanche soir, les Chinois peuvent suivre\u00a0<em>via<\/em>\u00a0leur\u00a0<em>smartphone<\/em>\u00a0quasi pas-\u00e0-pas\u00a0<strong>les d\u00e9ambulations du pr\u00e9sident chinois et de son \u00e9pouse en France<\/strong>. La t\u00e9l\u00e9vision centrale de Chine a d\u00e9ploy\u00e9 deux pr\u00e9sentateurs-vloggeurs qui postent des vid\u00e9os sur toutes les \u00e9tapes de cette visite, en insistant notamment sur les aspects protocolaires. \u00a0<\/p>\n\n\n\n<h2 class=\"wp-block-heading\">\u00ab&nbsp;<em>Diplomatie d\u2019un grand pays<\/em>&nbsp;\u00bb<\/h2>\n\n\n\n<p>Le nom du compte weibo est parlant\u00a0: \u00ab\u00a0<strong><em>sur le front de la diplomatie d\u2019un grand pays<\/em>\u00a0<\/strong>\u00bb. On y voit les tableaux impressionnistes du mus\u00e9e d\u2019Orsay contempl\u00e9s par Peng Liuan, les dorures et le velours rouges du th\u00e9\u00e2tre Marigny pour la r\u00e9ception avec les patrons fran\u00e7ais. On y voit \u00e9galement le menu du d\u00eener servi au couple pr\u00e9sidentiel qui donne un avant-go\u00fbt de l\u2019hospitalit\u00e9 fran\u00e7aise,\u00a0<strong>note au passage le\u00a0<em>South China Morning Post<\/em><\/strong>\u00a0et les 148 cavaliers de la garde r\u00e9publicaine accompagnant le cort\u00e8ge officiel lors de l\u2019accueil aux Invalides lundi 6 mai.<\/p>\n\n\n\n<p>L\u2019accueil lib\u00e8re la prose des commentateurs : \u00ab\u00a0<em>Dans le magnifique mois de mai de Paris, avec une douce brise et des paysages lumineux, le d\u00f4me dor\u00e9 des Invalides brille de mille feux<\/em>\u00a0\u00bb,\u00a0<strong>\u00e9crit ainsi l\u2019agence Chine Nouvelle<\/strong>.<\/p>\n\n\n\n<p>En avril 2023, avec la c\u00e9r\u00e9monie du th\u00e9 \u00e0 Canton organis\u00e9e pour le pr\u00e9sident fran\u00e7ais dans la r\u00e9sidence du gouverneur de la province du Guangdong, o\u00f9 le p\u00e8re de Xi Jinping a v\u00e9cu \u00e0 la fin des ann\u00e9es 1970, Emmanuel Macron a eu droit au faste et aux honneurs, mais aussi \u00e0 une deuxi\u00e8me journ\u00e9e plus intime.<\/p>\n\n\n\n<p>Xi Jinping avait voulu alors rendre l\u2019accueil qui lui avait \u00e9t\u00e9 r\u00e9serv\u00e9 \u00e0 Nice lors de sa pr\u00e9c\u00e9dente visite en France.<\/p>\n\n\n\n<h2 class=\"wp-block-heading\">\u00ab&nbsp;<em>Amis sp\u00e9ciaux<\/em>&nbsp;\u00bb&nbsp;<\/h2>\n\n\n\n<p>Pareil aujourd\u2019hui pour les Pyr\u00e9n\u00e9es, o\u00f9 les racines familiales du pr\u00e9sident fran\u00e7ais dans les montagnes fran\u00e7aises sont \u00e9galement comment\u00e9es sur les r\u00e9seaux sociaux chinois. P\u00e9kin attend de la r\u00e9ciprocit\u00e9.<\/p>\n\n\n\n<p>Au-del\u00e0 de ces images d\u2019un chef d\u2019\u00c9tat auquel on d\u00e9roule le tapis rouge \u00e0 l\u2019\u00e9tranger, la deuxi\u00e8me \u00e9conomie du monde compte sur la France pour\u00a0<strong>essayer d\u2019adoucir ses relations avec l\u2019Europe<\/strong>. La Chine a besoin de stabilit\u00e9 dans sa relation avec l\u2019Union europ\u00e9enne (UE) \u00e0 l\u2019aube des \u00e9lections europ\u00e9ennes et surtout des \u00e9lections am\u00e9ricaines en novembre. Et le pourvoir chinois aimerait que l&rsquo;Europe prenne ses distances avec les Am\u00e9ricains, comme le g\u00e9n\u00e9ral de Gaulle l&rsquo;avait fait en 1964.<\/p>\n\n\n\n<p>Mais P\u00e9kin a peu de choses \u00e0 offrir en retour, alors que l\u2019industrie europ\u00e9enne est menac\u00e9e d\u2019asphyxie par les surcapacit\u00e9s chinoises&nbsp;: les panneaux solaires hier, les voitures \u00e9lectriques aujourd\u2019hui. En attendant, ces images d\u2019une relation de proximit\u00e9 avec un membre de l\u2019Union europ\u00e9enne per\u00e7u comme influent nourrit le narratif d\u2019une Chine d\u00e9fendant un monde multipolaire et oppos\u00e9e \u00e0 un affrontement entre les blocs.<\/p>\n\n\n\n<p>Au-del\u00e0 du protocole, c\u2019est aussi une notion de l\u2019amiti\u00e9 au spectre large qui est mise en avant par la diplomatie chinoise. Une amiti\u00e9 qui dans la culture chinoise, vaut pour les affaires et les relations entre \u00c9tats. Au d\u00e9but du diner lundi soir, Xi Jinping a rappel\u00e9 que la Chine et la France \u00e9taient des \u00ab&nbsp;<em>amis sp\u00e9ciaux<\/em>&nbsp;\u00bb qui entretiennent une \u00ab&nbsp;<em>relation particuli\u00e8re<\/em>&nbsp;\u00bb.&nbsp;<\/p>\n","protected":false},"excerpt":{"rendered":"<p>Le pr\u00e9sident chinois Xi Jinping entame, mardi 7 mai, la deuxi\u00e8me partie, plus priv\u00e9e, de sa visite en France, avec<\/p>\n","protected":false},"author":1,"featured_media":35996,"comment_status":"open","ping_status":"open","sticky":false,"template":"","format":"standard","meta":{"footnotes":""},"categories":[51],"tags":[],"class_list":["post-35995","post","type-post","status-publish","format-standard","has-post-thumbnail","hentry","category-general"],"_links":{"self":[{"href":"https:\/\/dekkbi.com\/index.php?rest_route=\/wp\/v2\/posts\/35995","targetHints":{"allow":["GET"]}}],"collection":[{"href":"https:\/\/dekkbi.com\/index.php?rest_route=\/wp\/v2\/posts"}],"about":[{"href":"https:\/\/dekkbi.com\/index.php?rest_route=\/wp\/v2\/types\/post"}],"author":[{"embeddable":true,"href":"https:\/\/dekkbi.com\/index.php?rest_route=\/wp\/v2\/users\/1"}],"replies":[{"embeddable":true,"href":"https:\/\/dekkbi.com\/index.php?rest_route=%2Fwp%2Fv2%2Fcomments&post=35995"}],"version-history":[{"count":1,"href":"https:\/\/dekkbi.com\/index.php?rest_route=\/wp\/v2\/posts\/35995\/revisions"}],"predecessor-version":[{"id":35997,"href":"https:\/\/dekkbi.com\/index.php?rest_route=\/wp\/v2\/posts\/35995\/revisions\/35997"}],"wp:featuredmedia":[{"embeddable":true,"href":"https:\/\/dekkbi.com\/index.php?rest_route=\/wp\/v2\/media\/35996"}],"wp:attachment":[{"href":"https:\/\/dekkbi.com\/index.php?rest_route=%2Fwp%2Fv2%2Fmedia&parent=35995"}],"wp:term":[{"taxonomy":"category","embeddable":true,"href":"https:\/\/dekkbi.com\/index.php?rest_route=%2Fwp%2Fv2%2Fcategories&post=35995"},{"taxonomy":"post_tag","embeddable":true,"href":"https:\/\/dekkbi.com\/index.php?rest_route=%2Fwp%2Fv2%2Ftags&post=35995"}],"curies":[{"name":"wp","href":"https:\/\/api.w.org\/{rel}","templated":true}]}}