{"id":3598,"date":"2022-11-21T12:09:33","date_gmt":"2022-11-21T12:09:33","guid":{"rendered":"https:\/\/dekkbi.com\/?p=3598"},"modified":"2022-11-21T12:09:34","modified_gmt":"2022-11-21T12:09:34","slug":"liran-mene-de-nouvelles-attaques-au-kurdistan-irakien","status":"publish","type":"post","link":"https:\/\/dekkbi.com\/?p=3598","title":{"rendered":"L&rsquo;Iran m\u00e8ne de nouvelles attaques au Kurdistan irakien"},"content":{"rendered":"\n<p>Dans la nuit du 20 au 21 novembre, l\u2019Iran a de nouveau bombard\u00e9 des groupes d&rsquo;opposition kurdes iraniens bas\u00e9s au Kurdistan irakien voisin, apr\u00e8s des frappes similaires la semaine derni\u00e8re.<\/p>\n\n\n\n<p><em>Avec notre correspondant \u00e0 T\u00e9h\u00e9ran,<\/em>\u00a0<strong>Siavosh Ghazi<\/strong> &#8211; RFI<\/p>\n\n\n\n<p>Ces nouvelles frappes, aux missiles et avec des drones de combats, ont vis\u00e9&nbsp;plusieurs bases de trois partis kurdes iraniens dans la r\u00e9gion du Kurdistan d\u2019Irak.&nbsp;Sur les vid\u00e9os publi\u00e9es par les m\u00e9dias iraniens, on voit d\u2019\u00e9normes explosions dans les r\u00e9gions de Souleymanieh et Erbil. Des frappes similaires ont eu lieu le 14 novembre et fin septembre dernier. T\u00e9h\u00e9ran a m\u00eame menac\u00e9 de lancer une op\u00e9ration terrestre contre ces groupes dans la r\u00e9gion du Kurdistan d\u2019Irak.<\/p>\n\n\n\n<h2 class=\"wp-block-heading\">Nouvelles manifestations dans le Kurdistan iranien<\/h2>\n\n\n\n<p>T\u00e9h\u00e9ran, qui accuse les groupes arm\u00e9s kurdes d&rsquo;attiser les manifestations dans les villes du Kurdistan iranien, exige que les bases de ces groupes soient \u00e9loign\u00e9es de plus de 120 kilom\u00e8tres de la fronti\u00e8re iranienne.&nbsp;Ces nouvelles frappes interviennent quelques jours apr\u00e8s la visite du chef de la force Qods des Gardiens de la r\u00e9volution \u00e0 Bagdad, le g\u00e9n\u00e9ral Esmail Ghanni, qui a rencontr\u00e9 le Premier ministre irakien.<\/p>\n\n\n\n<p>Selon l\u2019ambassadeur d\u2019Iran \u00e0 Bagdad, le gouvernement irakien aurait\u00a0accept\u00e9 que les bases des groupes kurdes soient \u00e9loign\u00e9es de la fronti\u00e8re iranienne\u00a0et qu\u2019ils soient d\u00e9sarm\u00e9s.\u00a0Ces nouvelles frappes interviennent alors que les villes du Kurdistan iranien ont connu de nouvelles manifestations dimanche soir apr\u00e8s la reprise du contr\u00f4le de la ville de Mahabad par les forces arm\u00e9es iraniennes.<\/p>\n","protected":false},"excerpt":{"rendered":"<p>Dans la nuit du 20 au 21 novembre, l\u2019Iran a de nouveau bombard\u00e9 des groupes d&rsquo;opposition kurdes iraniens bas\u00e9s au<\/p>\n","protected":false},"author":1,"featured_media":3599,"comment_status":"open","ping_status":"open","sticky":false,"template":"","format":"standard","meta":{"footnotes":""},"categories":[51],"tags":[],"class_list":["post-3598","post","type-post","status-publish","format-standard","has-post-thumbnail","hentry","category-general"],"_links":{"self":[{"href":"https:\/\/dekkbi.com\/index.php?rest_route=\/wp\/v2\/posts\/3598","targetHints":{"allow":["GET"]}}],"collection":[{"href":"https:\/\/dekkbi.com\/index.php?rest_route=\/wp\/v2\/posts"}],"about":[{"href":"https:\/\/dekkbi.com\/index.php?rest_route=\/wp\/v2\/types\/post"}],"author":[{"embeddable":true,"href":"https:\/\/dekkbi.com\/index.php?rest_route=\/wp\/v2\/users\/1"}],"replies":[{"embeddable":true,"href":"https:\/\/dekkbi.com\/index.php?rest_route=%2Fwp%2Fv2%2Fcomments&post=3598"}],"version-history":[{"count":1,"href":"https:\/\/dekkbi.com\/index.php?rest_route=\/wp\/v2\/posts\/3598\/revisions"}],"predecessor-version":[{"id":3600,"href":"https:\/\/dekkbi.com\/index.php?rest_route=\/wp\/v2\/posts\/3598\/revisions\/3600"}],"wp:featuredmedia":[{"embeddable":true,"href":"https:\/\/dekkbi.com\/index.php?rest_route=\/wp\/v2\/media\/3599"}],"wp:attachment":[{"href":"https:\/\/dekkbi.com\/index.php?rest_route=%2Fwp%2Fv2%2Fmedia&parent=3598"}],"wp:term":[{"taxonomy":"category","embeddable":true,"href":"https:\/\/dekkbi.com\/index.php?rest_route=%2Fwp%2Fv2%2Fcategories&post=3598"},{"taxonomy":"post_tag","embeddable":true,"href":"https:\/\/dekkbi.com\/index.php?rest_route=%2Fwp%2Fv2%2Ftags&post=3598"}],"curies":[{"name":"wp","href":"https:\/\/api.w.org\/{rel}","templated":true}]}}