{"id":35971,"date":"2024-05-07T12:01:47","date_gmt":"2024-05-07T12:01:47","guid":{"rendered":"https:\/\/dekkbi.com\/?p=35971"},"modified":"2024-05-07T12:04:47","modified_gmt":"2024-05-07T12:04:47","slug":"le-recteur-de-lucad-accuse-de-detournement-de-procedures","status":"publish","type":"post","link":"https:\/\/dekkbi.com\/?p=35971","title":{"rendered":"Le recteur de l\u2019Ucad accus\u00e9 de d\u00e9tournement de proc\u00e9dures"},"content":{"rendered":"\n<h3 class=\"wp-block-heading\">Le Sudes d\u00e9nonce avec v\u00e9h\u00e9mence la tentative pr\u00e9sum\u00e9e d\u2019Ahmadou Aly Mbaye de placer ill\u00e9galement Isma\u00efla Madior Fall \u00e0 l\u2019IFAN. Le syndicat enseignant r\u00e9clame une enqu\u00eate sur cette \u00ab&nbsp;\u00e9ni\u00e8me irr\u00e9gularit\u00e9&nbsp;\u00bb all\u00e9gu\u00e9e \u2013 COMMUNIQU\u00c9 DE PRESSE<\/h3>\n\n\n\n<p><strong>L\u2019Universit\u00e9 Cheikh Anta Diop est secou\u00e9e par les protestations du syndicat des enseignants, le Sudes, contre une affectation jug\u00e9e irr\u00e9guli\u00e8re. Au c\u0153ur des accusations : le \u00ab&nbsp;parachutage&nbsp;\u00bb pr\u00e9sum\u00e9 d\u2019Isma\u00efla Madior Fall, professeur titulaire de droit public, \u00e0 l\u2019Institut Fondamental d\u2019Afrique Noire Cheikh Anta Diop (IFAN-CAD), orchestr\u00e9 par le recteur Ahmadou Aly Mbaye en violation des textes r\u00e9glementaires. Une manoeuvre qualifi\u00e9e de pr\u00e9judiciable \u00e0 l\u2019int\u00e9grit\u00e9 de l\u2019universit\u00e9, selon le Sudes dans le communiqu\u00e9 suivant :<\/strong><\/p>\n\n\n\n<p>\u00abNON AU PARACHUTAGE DE M. ISMAILA MADIOR FALL \u00c0 L\u2019IFAN !<\/p>\n\n\n\n<p>Le SUDES\/ESR Section de l\u2019Universit\u00e9 Cheikh Anta Diop (UCAD) de Dakar tient \u00e0 informer la communaut\u00e9 universitaire et l\u2019opinion nationale de sa profonde pr\u00e9occupation concernant la vell\u00e9it\u00e9 d\u2019affectation par le recteur de l\u2019UCAD de M. Isma\u00efla Madior Fall, professeur titulaire de droit public, \u00e0 l\u2019Institut Fondamental d\u2019Afrique Noire Cheikh Anta Diop (IFAN-CAD) en violation du d\u00e9cret n\u00b0 84-1184 du 13 octobre 1984 portant organisation et fonctionnement de l\u2019Institut fondamental d\u2019Afrique noire.<\/p>\n\n\n\n<p>Cette tentative d\u00e9sesp\u00e9r\u00e9e du recteur de l\u2019UCAD de caser un ancien ministre se pr\u00e9sente de facto comme un d\u00e9tournement des proc\u00e9dures et des r\u00e8gles d\u2019affectation du personnel d\u2019enseignement et de recherche (PER) comme stipul\u00e9 dans les articles 8 et 24 du d\u00e9cret susmentionn\u00e9. Elle serait effectu\u00e9e sans consultation pr\u00e9alable des instances de l\u2019IFAN qualifi\u00e9es en la mati\u00e8re. Le recteur de l\u2019UCAD, encore une fois, tente de fouler aux pieds les dispositions l\u00e9gales en vigueur dans notre institution.<\/p>\n\n\n\n<p>Par ailleurs, le SUDES\/ESR -Section UCAD, fait remarquer que dans une optique d\u2019optimisation des ressources humaines telle que pr\u00f4n\u00e9e par les nouvelles autorit\u00e9s, M. Fall serait beaucoup plus utile \u00e0 sa facult\u00e9 d\u2019origine qu\u2019il conna\u00eet tr\u00e8s bien et o\u00f9 l\u2019attendent d\u2019importantes t\u00e2ches d\u2019enseignement et d\u2019encadrement dans un contexte de d\u00e9ficit de PER.<\/p>\n\n\n\n<p>En tout \u00e9tat de cause, la d\u00e9sinvolture avec laquelle le recteur de l\u2019UCAD agit en mati\u00e8re de recrutement et d\u2019affectation du PER nuit gravement \u00e0 l\u2019int\u00e9grit\u00e9 de notre universit\u00e9 et \u00e0 la confiance de notre communaut\u00e9 dans les processus de gestion des ressources humaines.<\/p>\n\n\n\n<p>En cons\u00e9quence, le SUDES\/ESR \u2013 Section UCAD exige :<\/p>\n\n\n\n<p>Une enqu\u00eate imm\u00e9diate sur les circonstances entourant cette vell\u00e9it\u00e9 d\u2019affectation et sur les personnes impliqu\u00e9es dans cette man\u0153uvre ill\u00e9gale.<\/p>\n\n\n\n<p>Le respect strict des proc\u00e9dures d\u2019affectation, conform\u00e9ment \u00e0 la l\u00e9gislation en vigueur.<\/p>\n\n\n\n<p>Le maintien du concern\u00e9 \u00e0 son poste initial, \u00e0 la facult\u00e9 de sciences juridiques et politiques jusqu\u2019\u00e0 ce que toutes les proc\u00e9dures l\u00e9gales aient \u00e9t\u00e9 correctement suivies.<\/p>\n\n\n\n<p>Le SUDES\/ESR -Section UCAD reste d\u00e9termin\u00e9 \u00e0 d\u00e9fendre les r\u00e8gles de fonctionnement de notre universit\u00e9, les droits des coll\u00e8gues et \u00e0 s\u2019assurer que les principes de justice et d\u2019\u00e9quit\u00e9 y sont respect\u00e9s.<\/p>\n\n\n\n<p>Le SUDES\/ESR -Section UCAD encourage ses militants ainsi que l\u2019ensemble de la communaut\u00e9 universitaire \u00e0 rester mobilis\u00e9s et solidaires pour faire barrage \u00e0 cette \u00e9ni\u00e8me tentative de violation des textes de l\u2019universit\u00e9 par son recteur dont le mandat arrive tr\u00e8s bient\u00f4t \u00e0 \u00e9ch\u00e9ance.\u00a0\u00bb<\/p>\n\n\n\n<p>SOURCE SUDQUOTIDIEN<\/p>\n","protected":false},"excerpt":{"rendered":"<p>Le Sudes d\u00e9nonce avec v\u00e9h\u00e9mence la tentative pr\u00e9sum\u00e9e d\u2019Ahmadou Aly Mbaye de placer ill\u00e9galement Isma\u00efla Madior Fall \u00e0 l\u2019IFAN. Le<\/p>\n","protected":false},"author":1,"featured_media":35972,"comment_status":"open","ping_status":"open","sticky":false,"template":"","format":"standard","meta":{"footnotes":""},"categories":[26],"tags":[],"class_list":["post-35971","post","type-post","status-publish","format-standard","has-post-thumbnail","hentry","category-fait-divers"],"_links":{"self":[{"href":"https:\/\/dekkbi.com\/index.php?rest_route=\/wp\/v2\/posts\/35971","targetHints":{"allow":["GET"]}}],"collection":[{"href":"https:\/\/dekkbi.com\/index.php?rest_route=\/wp\/v2\/posts"}],"about":[{"href":"https:\/\/dekkbi.com\/index.php?rest_route=\/wp\/v2\/types\/post"}],"author":[{"embeddable":true,"href":"https:\/\/dekkbi.com\/index.php?rest_route=\/wp\/v2\/users\/1"}],"replies":[{"embeddable":true,"href":"https:\/\/dekkbi.com\/index.php?rest_route=%2Fwp%2Fv2%2Fcomments&post=35971"}],"version-history":[{"count":2,"href":"https:\/\/dekkbi.com\/index.php?rest_route=\/wp\/v2\/posts\/35971\/revisions"}],"predecessor-version":[{"id":35977,"href":"https:\/\/dekkbi.com\/index.php?rest_route=\/wp\/v2\/posts\/35971\/revisions\/35977"}],"wp:featuredmedia":[{"embeddable":true,"href":"https:\/\/dekkbi.com\/index.php?rest_route=\/wp\/v2\/media\/35972"}],"wp:attachment":[{"href":"https:\/\/dekkbi.com\/index.php?rest_route=%2Fwp%2Fv2%2Fmedia&parent=35971"}],"wp:term":[{"taxonomy":"category","embeddable":true,"href":"https:\/\/dekkbi.com\/index.php?rest_route=%2Fwp%2Fv2%2Fcategories&post=35971"},{"taxonomy":"post_tag","embeddable":true,"href":"https:\/\/dekkbi.com\/index.php?rest_route=%2Fwp%2Fv2%2Ftags&post=35971"}],"curies":[{"name":"wp","href":"https:\/\/api.w.org\/{rel}","templated":true}]}}