{"id":35964,"date":"2024-05-07T11:50:49","date_gmt":"2024-05-07T11:50:49","guid":{"rendered":"https:\/\/dekkbi.com\/?p=35964"},"modified":"2024-05-07T12:07:04","modified_gmt":"2024-05-07T12:07:04","slug":"meouane-difficile-cohabitation-entreprises-minieres-et-populations-les-impactes-listent-leurs-maux","status":"publish","type":"post","link":"https:\/\/dekkbi.com\/?p=35964","title":{"rendered":"M\u00e9ouane \u2013 Difficile cohabitation entreprises et populations"},"content":{"rendered":"\n<p><strong>Les populations de M\u00e9ouane, un arrondissement du d\u00e9partement de Tivaouane qui abrite plusieurs exploitations mini\u00e8res dont les plus connues sont la Grande C\u00f4te operation (Gco), les Industries chimiques du S\u00e9n\u00e9gal (Ics) et les carri\u00e8res, attirent l\u2019attention du pr\u00e9sident de la R\u00e9publique, Bassirou Diomaye Diakhar Faye, et de son Premier ministre, Ousmane Sonko, sur de \u00abr\u00e9els probl\u00e8mes engendr\u00e9s par la cohabitation de ces entreprises et des populations riveraines\u00bb.<\/strong><\/p>\n\n\n\n<p><strong>Par Cheikh CAMARA \u2013&nbsp;<\/strong>Regroup\u00e9es au sein des observatoires territoriaux sur le secteur extractif des communes de Darou Khoudoss, Mboro et Ta\u00efba Ndiaye, les populations ont tenu un point de presse, ce 5 mai 2024, \u00e0 Darou Khoudoss, pour attirer l\u2019attention du gouvernement sur \u00abl\u2019exploitation des ressources extractives au S\u00e9n\u00e9gal en g\u00e9n\u00e9ral, et dans l\u2019arrondissement de M\u00e9ouane en particulier\u00bb.<\/p>\n\n\n\n<p>Dr Alioune Babou, coordonnateur d\u00e9partemental du Forum civil de Tivaouane, et Lamine Diakit\u00e9, coordonnateur d\u00e9partemental de l\u2019Observa-toire territorial sur le secteur extractif (Otse), et leurs camarades listent quelques risques&nbsp;: \u00abLe transport des produits dangereux qui se d\u00e9versent sur la route qui traverse les communes, les fuites de gaz p\u00e9riodiques qui d\u00e9truisent les plantations et les arbres fruitiers entrainant un manque \u00e0 gagner sur les r\u00e9coltes des paysans, le non-respect des obligations environnementales, notamment le contr\u00f4le p\u00e9riodique sur la qualit\u00e9 des eaux, du sol et de l\u2019air pr\u00e9vu par les conventions mini\u00e8res des Ics, le non-respect des dispositions de la loi sur le contenu local, notamment en termes d\u2019emploi, la non-op\u00e9rationnalisation des fonds destin\u00e9s aux collectivit\u00e9s territoriales (Fonds d\u2019appui et de p\u00e9r\u00e9quation, Fonds d\u2019appui au d\u00e9veloppement local).\u00bb<\/p>\n\n\n\n<p>Et fortes de tous ces constats, ces populations invitent les entreprises mini\u00e8res \u00e0 \u00abrespecter leurs obligations l\u00e9gales et contractuelles, notamment les \u00e9tudes p\u00e9riodiques sur la qualit\u00e9 des eaux, du sol et de l\u2019air pr\u00e9vues par les conventions mini\u00e8res et leurs publications\u00bb&nbsp;; \u00e0 \u00abrespecter les engagements financiers, sociaux et environnementaux, et une plus grande transparence dans la gestion des d\u00e9penses sociales non obligatoires (Rse), avec une plus grande implication des autorit\u00e9s locales, comme stipul\u00e9 par les dispositions de l\u2019article 32 de la loi 2021-28 du 15 juin 2021, sur l\u2019\u00e9conomie sociale et solidaire\u00bb&nbsp;; \u00e0 \u00abmettre leurs installations aux normes requises afin d\u2019\u00e9viter les \u00e9chapp\u00e9es de gaz, au cas \u00e9ch\u00e9ant, prendre les dispositions n\u00e9cessaires pour une indemnisation juste et \u00e9quitable \u00e0 la hauteur des d\u00e9g\u00e2ts caus\u00e9s\u00bb&nbsp;; \u00e0 \u00abtrouver avec l\u2019Etat du S\u00e9n\u00e9gal les moyens de construire une voie de contournement des camions qui transportent les produits dangereux vers ces exploitations\u00bb.Aux autorit\u00e9s locales, l\u2019invite est tr\u00e8s claire&nbsp;: \u00abLa consolidation de l\u2019intercommunalit\u00e9 pour une meilleure prise en charge des probl\u00e8mes li\u00e9s au secteur extractif dans leurs d\u00e9marches quotidiennes de satisfaction des besoins des populations, une meilleure planification de nos besoins prioritaires pour mieux capter le fonds d\u2019appui au d\u00e9veloppement local, \u00e0&nbsp;veiller \u00e0 la redevabilit\u00e9 en cas d\u2019effectivit\u00e9 des fonds, notamment les projets d\u2019autonomisation des femmes et des jeunes.\u00bb<br>Aux communaut\u00e9s, ces populations invitent \u00e0 \u00abavoir une posture de veille et d\u2019alerte citoyennes pour un suivi permanent des obligations des uns et des autres\u00bb. Elles disent soutenir et encourager l\u2019Etat du S\u00e9n\u00e9gal dans sa volont\u00e9 de \u00abren\u00e9gocier les contrats miniers\u00bb et lui demandent de \u00absituer les responsabilit\u00e9s sur les conclusions de la Cour des comptes sur les affaires cit\u00e9es\u00bb. Aussi lancent-elles un appel aux communaut\u00e9s \u00e0 \u00abfaire un suivi permanent des engagements des entreprises et des autorit\u00e9s\u00bb. La tenue de cette rencontre, rappellent les coordonnateurs des Observatoires territoriaux sur le secteur extractif (Otse) de Darou Khoudoss, Mboro et Ta\u00efba Ndiaye, s\u2019inscrit dans un contexte particulier marqu\u00e9 par \u00abla publication du rapport de la Cour des comptes sur \u00able contr\u00f4le des recettes issues du secteur minier 2015-2018\u00bb dont les conclusions dressent un tableau sombre de la gestion de nos ressources extractives\u00bb. Il y a aussi \u00abla volont\u00e9 des autorit\u00e9s nouvellement \u00e9lues de ren\u00e9gocier les contrats miniers en vue d\u2019une meilleure prise en compte des int\u00e9r\u00eats de l\u2019Etat du S\u00e9n\u00e9gal\u00bb&nbsp;; \u00able s\u00e9jour, au S\u00e9n\u00e9gal, du Pr\u00e9sident Directeur g\u00e9n\u00e9ral du groupe \u00abIndorama\u00bb dont les conventions mini\u00e8res Toben-nord et Toben-sud, octroy\u00e9es depuis le 15 septembre 1999, arrivent \u00e0 expiration le 15 septembre 2024\u00bb.<\/p>\n\n\n\n<p>Ces observatoires territoriaux sur le secteur extractif, des m\u00e9canismes citoyens mis en place de fa\u00e7on inclusive pour d\u00e9fendre les droits des communaut\u00e9s \u00e0 travers le dialogue et la concertation entre les acteurs du secteur extractif, notamment les populations, les autorit\u00e9s et les entreprises, ont pour missions de \u00abfaciliter le dialogue entre les entreprises et les communaut\u00e9s (populations et collectivit\u00e9s territoriales)\u00bb&nbsp;; de \u00abrecueillir des donn\u00e9es sur l\u2019exploitation mini\u00e8re ou p\u00e9tro-gazi\u00e8re de la zone d\u2019installation\u00bb&nbsp;; d\u2019\u00abanalyser et de partager les donn\u00e9es avec les populations locales\u00bb&nbsp;; de \u00abfaire de la sensibilisation sur les revenus issus de l\u2019exploitation mini\u00e8re et p\u00e9tro-gazi\u00e8re\u00bb&nbsp;; de \u00abfaire le plaidoyer pour le respect des obligations contractuelles et l\u00e9gales des entreprises\u00bb&nbsp;; de \u00abveiller \u00e0 l\u2019application correcte de la Responsabilit\u00e9 soci\u00e9tale d\u2019entreprise au niveau local\u00bb&nbsp;; de \u00abd\u00e9velopper des initiatives pour un suivi environnemental efficace\u00bb&nbsp;; de \u00abveiller au respect des droits humains dans les zones d\u2019exploitation mini\u00e8re et p\u00e9tro-gazi\u00e8re\u00bb.<br><strong>Correspondant<\/strong><\/p>\n","protected":false},"excerpt":{"rendered":"<p>Les populations de M\u00e9ouane, un arrondissement du d\u00e9partement de Tivaouane qui abrite plusieurs exploitations mini\u00e8res dont les plus connues sont<\/p>\n","protected":false},"author":1,"featured_media":35965,"comment_status":"open","ping_status":"open","sticky":false,"template":"","format":"standard","meta":{"footnotes":""},"categories":[21],"tags":[],"class_list":["post-35964","post","type-post","status-publish","format-standard","has-post-thumbnail","hentry","category-societe"],"_links":{"self":[{"href":"https:\/\/dekkbi.com\/index.php?rest_route=\/wp\/v2\/posts\/35964","targetHints":{"allow":["GET"]}}],"collection":[{"href":"https:\/\/dekkbi.com\/index.php?rest_route=\/wp\/v2\/posts"}],"about":[{"href":"https:\/\/dekkbi.com\/index.php?rest_route=\/wp\/v2\/types\/post"}],"author":[{"embeddable":true,"href":"https:\/\/dekkbi.com\/index.php?rest_route=\/wp\/v2\/users\/1"}],"replies":[{"embeddable":true,"href":"https:\/\/dekkbi.com\/index.php?rest_route=%2Fwp%2Fv2%2Fcomments&post=35964"}],"version-history":[{"count":3,"href":"https:\/\/dekkbi.com\/index.php?rest_route=\/wp\/v2\/posts\/35964\/revisions"}],"predecessor-version":[{"id":35982,"href":"https:\/\/dekkbi.com\/index.php?rest_route=\/wp\/v2\/posts\/35964\/revisions\/35982"}],"wp:featuredmedia":[{"embeddable":true,"href":"https:\/\/dekkbi.com\/index.php?rest_route=\/wp\/v2\/media\/35965"}],"wp:attachment":[{"href":"https:\/\/dekkbi.com\/index.php?rest_route=%2Fwp%2Fv2%2Fmedia&parent=35964"}],"wp:term":[{"taxonomy":"category","embeddable":true,"href":"https:\/\/dekkbi.com\/index.php?rest_route=%2Fwp%2Fv2%2Fcategories&post=35964"},{"taxonomy":"post_tag","embeddable":true,"href":"https:\/\/dekkbi.com\/index.php?rest_route=%2Fwp%2Fv2%2Ftags&post=35964"}],"curies":[{"name":"wp","href":"https:\/\/api.w.org\/{rel}","templated":true}]}}