{"id":3596,"date":"2022-11-21T12:05:27","date_gmt":"2022-11-21T12:05:27","guid":{"rendered":"https:\/\/dekkbi.com\/?p=3596"},"modified":"2022-11-21T12:05:28","modified_gmt":"2022-11-21T12:05:28","slug":"apres-la-cop27-emmanuel-macron-essaie-de-reprendre-linitiative","status":"publish","type":"post","link":"https:\/\/dekkbi.com\/?p=3596","title":{"rendered":"Apr\u00e8s la COP27, Emmanuel Macron essaie de reprendre l&rsquo;initiative"},"content":{"rendered":"\n<p>M\u00eame si la cr\u00e9ation d&rsquo;un fonds \u00ab\u00a0pertes et pr\u00e9judices\u00a0\u00bb\u00a0constitue une avanc\u00e9e, la COP27 n&rsquo;a pas permis de donner un nouvel \u00e9lan \u00e0\u00a0la lutte contre le r\u00e9chauffement climatique. Quelques heures apr\u00e8s l&rsquo;annonce de l&rsquo;accord obtenu \u00e0 Charm el-Cheikh, Emmanuel Macron a donc essay\u00e9 de reprendre l&rsquo;initiative.<\/p>\n\n\n\n<p>Le 20 novembre, Emmanuel Macron a annonc\u00e9 dans un\u00a0<em>tweet<\/em>\u00a0la tenue d&rsquo;un sommet \u00e0 Paris avant la prochaine COP, pr\u00e9vue \u00e0 Duba\u00ef fin 2023, en promettant de travailler avec les partenaires europ\u00e9ens \u00ab\u00a0<em>\u00e0 un nouveau pacte financier avec les pays les plus vuln\u00e9rables\u00a0<\/em>\u00bb. Quelques heures plus t\u00f4t,\u00a0<strong>en marge du sommet de la Francophonie<\/strong>\u00a0\u00e0 Djerba, au moment o\u00f9 la cr\u00e9ation d&rsquo;un fonds pertes et pr\u00e9judices avait \u00e9t\u00e9 act\u00e9e, Emmanuel Macron avait estim\u00e9 que l&rsquo;id\u00e9e d&rsquo;un fonds seul \u00e9tait \u00ab\u00a0<em>insuffisante\u00a0<\/em>\u00bb et qu&rsquo;il fallait trouver une meilleure r\u00e9ponse \u00ab\u00a0<em>technique<\/em>\u00a0\u00bb\u00a0pour aider les pays les plus vuln\u00e9rables \u00e0 faire face au changement climatique. C&rsquo;est donc dans ce sens que s&rsquo;inscrit cette initiative.<\/p>\n\n\n\n<p>Pour le pr\u00e9sident fran\u00e7ais, la priorit\u00e9 reste la r\u00e9duction des \u00e9missions de gaz \u00e0 effet de serre. Une question qu&rsquo;il entend aussi porter et sur laquelle la COP n&rsquo;a pas permis d&rsquo;avanc\u00e9es.<\/p>\n\n\n\n<p>La lutte contre le changement climatique est une priorit\u00e9 politique affich\u00e9e dans le\u00a0second mandat du pr\u00e9sident Macron, sur laquelle il est tr\u00e8s attendu sur la sc\u00e8ne internationale, mais aussi nationale. Il esp\u00e8re r\u00e9ussir \u00e0 faire adopter par le Parlement des textes importants sur les \u00e9nergies renouvelables et le nucl\u00e9aire.<\/p>\n\n\n\n<p>SOURCE RFI<\/p>\n","protected":false},"excerpt":{"rendered":"<p>M\u00eame si la cr\u00e9ation d&rsquo;un fonds \u00ab\u00a0pertes et pr\u00e9judices\u00a0\u00bb\u00a0constitue une avanc\u00e9e, la COP27 n&rsquo;a pas permis de donner un nouvel<\/p>\n","protected":false},"author":1,"featured_media":2424,"comment_status":"open","ping_status":"open","sticky":false,"template":"","format":"standard","meta":{"footnotes":""},"categories":[51],"tags":[],"class_list":["post-3596","post","type-post","status-publish","format-standard","has-post-thumbnail","hentry","category-general"],"_links":{"self":[{"href":"https:\/\/dekkbi.com\/index.php?rest_route=\/wp\/v2\/posts\/3596","targetHints":{"allow":["GET"]}}],"collection":[{"href":"https:\/\/dekkbi.com\/index.php?rest_route=\/wp\/v2\/posts"}],"about":[{"href":"https:\/\/dekkbi.com\/index.php?rest_route=\/wp\/v2\/types\/post"}],"author":[{"embeddable":true,"href":"https:\/\/dekkbi.com\/index.php?rest_route=\/wp\/v2\/users\/1"}],"replies":[{"embeddable":true,"href":"https:\/\/dekkbi.com\/index.php?rest_route=%2Fwp%2Fv2%2Fcomments&post=3596"}],"version-history":[{"count":1,"href":"https:\/\/dekkbi.com\/index.php?rest_route=\/wp\/v2\/posts\/3596\/revisions"}],"predecessor-version":[{"id":3597,"href":"https:\/\/dekkbi.com\/index.php?rest_route=\/wp\/v2\/posts\/3596\/revisions\/3597"}],"wp:featuredmedia":[{"embeddable":true,"href":"https:\/\/dekkbi.com\/index.php?rest_route=\/wp\/v2\/media\/2424"}],"wp:attachment":[{"href":"https:\/\/dekkbi.com\/index.php?rest_route=%2Fwp%2Fv2%2Fmedia&parent=3596"}],"wp:term":[{"taxonomy":"category","embeddable":true,"href":"https:\/\/dekkbi.com\/index.php?rest_route=%2Fwp%2Fv2%2Fcategories&post=3596"},{"taxonomy":"post_tag","embeddable":true,"href":"https:\/\/dekkbi.com\/index.php?rest_route=%2Fwp%2Fv2%2Ftags&post=3596"}],"curies":[{"name":"wp","href":"https:\/\/api.w.org\/{rel}","templated":true}]}}