{"id":35948,"date":"2024-05-07T10:30:35","date_gmt":"2024-05-07T10:30:35","guid":{"rendered":"https:\/\/dekkbi.com\/?p=35948"},"modified":"2024-05-07T10:30:36","modified_gmt":"2024-05-07T10:30:36","slug":"train-express-regional-ter-le-collectif-des-impactes-du-departement-de-dakar-vilipende-apix","status":"publish","type":"post","link":"https:\/\/dekkbi.com\/?p=35948","title":{"rendered":"Train Express R\u00e9gional (TER): Le collectif des impact\u00e9s du d\u00e9partement de Dakar vilipende Apix"},"content":{"rendered":"\n<h3 class=\"wp-block-heading\">Tribune &#8211; Plus de trois ans apr\u00e8s sa mise en service, le Train express r\u00e9gional (TER) continue de rouler sur les souffrances des impact\u00e9s. Les impact\u00e9s du d\u00e9partement de Dakar ont bris\u00e9 le silence. Les responsables du collectif ont profit\u00e9 d&rsquo;une rencontre pour clouer au pilori l&rsquo;Agence pour la promotion des investissements et des grands travaux (Apix), charg\u00e9e de l&rsquo;ex\u00e9cution des travaux du Train express r\u00e9gional (TER).<\/h3>\n\n\n\n<p>Selon les impact\u00e9s du d\u00e9partement de Dakar, ils ont \u00e9t\u00e9 l\u00e9s\u00e9s sur tout le processus.<br>\u00ab Nous sommes meurtris. Depuis 2016, nous vivons une souffrance inexplicable. C&rsquo;est pourquoi nous sommes sortis de notre mutisme pour crier \u00e0 nouveau notre ras-le-bol. Nous sommes victimes d\u2019une discrimination n\u00e9gative sur toute la ligne. Du recensement \u00e0 l&rsquo;indemnisation, nos droits ont \u00e9t\u00e9 bafou\u00e9s. Apix n&rsquo;a pas appliqu\u00e9 les bar\u00e8mes d\u2019indemnisation indiqu\u00e9s par les bailleurs du projet, dans le plan d&rsquo;action de r\u00e9installation. Ils nous ont appliqu\u00e9 des bar\u00e8mes catastrophiques. C&rsquo;est pourquoi nous avons re\u00e7u des indemnit\u00e9s d\u00e9risoires \u00bb, d\u00e9plore Mme Fatou Dione.<\/p>\n\n\n\n<p>Selon la pr\u00e9sidente du Collectif des impact\u00e9s du Train express r\u00e9gional (TER) du d\u00e9partement de Dakar, les indemnisations qu\u2019ils ont re\u00e7ues de l&rsquo;Apix les ont appauvris.<\/p>\n\n\n\n<p>\u00ab L\u2019\u00c9tat, \u00e0 travers Apix, n&rsquo;a respect\u00e9 aucun de ses engagements. En 2019, gr\u00e2ce \u00e0 l&rsquo;appui d&rsquo;une Ong, qui nous a aid\u00e9s, nous avons port\u00e9 plainte contre l&rsquo;Apix. Mais, depuis lors, rien ne bouge \u00bb, regrette Mme Dione. \u00ab Apr\u00e8s l&rsquo;\u00e9ligibilit\u00e9 de notre plainte, la banque qui a financ\u00e9 l&rsquo;Apix a reconnu ses erreurs. La v\u00e9rification de conformit\u00e9 publi\u00e9e a montr\u00e9 que nous a avons \u00e9t\u00e9 abus\u00e9s \u00bb, a-telle ajout\u00e9.<\/p>\n\n\n\n<p>Les responsables du Collectif des impact\u00e9s du Ter du d\u00e9partement de Dakar ont tenu une rencontre au domicile de leur pr\u00e9sidente. \u00c0 cette occasion, ils ont r\u00e9v\u00e9l\u00e9 qu&rsquo;un plan d&rsquo;action assorti de 18 recommandations pour corriger leur situation a \u00e9t\u00e9 d\u00e9voil\u00e9, mais les impact\u00e9s du Ter de Dakar n&rsquo;en font pas parti.<\/p>\n\n\n\n<p>\u00ab Ils continuent \u00e0 nous faire subir une discrimination notoire. Apix a dit que nous impact\u00e9s de Dakar, nous n&rsquo;allons pas b\u00e9n\u00e9ficier du site de recasement, qui est pour tous les impact\u00e9s. Pourquoi ? Nous n&rsquo;en savons rien \u00bb, se sont-ils \u00e9tonn\u00e9s.<\/p>\n\n\n\n<p>\u00ab Le collectif qui avait d\u00e9pos\u00e9 la plainte est exclu du site de recasement. Ils nous prennent comme des ennemis \u00e0 abattre\u00bb, ont-ils dit. D&rsquo;apr\u00e8s toujours la pr\u00e9sidente du collectif, les impact\u00e9s de Dakar sont des \u00abcadavres ambulants\u00bb.<\/p>\n\n\n\n<p>Fatou Dione et ses camarades renseignent qu&rsquo;ils ont \u00e9t\u00e9 appauvris par un projet de d\u00e9veloppement.<\/p>\n\n\n\n<p>\u00abDepuis 2018, plus d&rsquo;une centaine de p\u00e8res et de m\u00e8res de familles sont dans le d\u00e9sarroi. Ils n&rsquo;ont plus de maison, dans un contexte o\u00f9 le loyer co\u00fbte tr\u00e8s cher au S\u00e9n\u00e9gal. Nos enfants ont abandonn\u00e9 leurs \u00e9tudes\u00bb, s&rsquo;indigne Mme Dione.<\/p>\n\n\n\n<p>Las de courir derri\u00e8re Apix pour r\u00e9paration, les impact\u00e9s des travaux du Ter du d\u00e9partement de Dakar interpellent le Pr\u00e9sident Bassirou Diomaye Diakhar Faye et le Premier ministre Ousmane Sonko.<\/p>\n\n\n\n<p>\u00abCette injustice que nous vivons n&rsquo;est pas de leur faute. Mais, puisque l&rsquo;\u00c9tat est une continuit\u00e9, nous voulons qu&rsquo;ils nous aident \u00e0 r\u00e9parer cette injustice qui nous fait souffrir depuis tant d\u2019ann\u00e9es\u00bb, a tonn\u00e9 Fatou Dione.<br><\/p>\n\n\n\n<p>MD &#8211; LERAL<\/p>\n","protected":false},"excerpt":{"rendered":"<p>Tribune &#8211; Plus de trois ans apr\u00e8s sa mise en service, le Train express r\u00e9gional (TER) continue de rouler sur<\/p>\n","protected":false},"author":1,"featured_media":35949,"comment_status":"open","ping_status":"open","sticky":false,"template":"","format":"standard","meta":{"footnotes":""},"categories":[26],"tags":[],"class_list":["post-35948","post","type-post","status-publish","format-standard","has-post-thumbnail","hentry","category-fait-divers"],"_links":{"self":[{"href":"https:\/\/dekkbi.com\/index.php?rest_route=\/wp\/v2\/posts\/35948","targetHints":{"allow":["GET"]}}],"collection":[{"href":"https:\/\/dekkbi.com\/index.php?rest_route=\/wp\/v2\/posts"}],"about":[{"href":"https:\/\/dekkbi.com\/index.php?rest_route=\/wp\/v2\/types\/post"}],"author":[{"embeddable":true,"href":"https:\/\/dekkbi.com\/index.php?rest_route=\/wp\/v2\/users\/1"}],"replies":[{"embeddable":true,"href":"https:\/\/dekkbi.com\/index.php?rest_route=%2Fwp%2Fv2%2Fcomments&post=35948"}],"version-history":[{"count":1,"href":"https:\/\/dekkbi.com\/index.php?rest_route=\/wp\/v2\/posts\/35948\/revisions"}],"predecessor-version":[{"id":35950,"href":"https:\/\/dekkbi.com\/index.php?rest_route=\/wp\/v2\/posts\/35948\/revisions\/35950"}],"wp:featuredmedia":[{"embeddable":true,"href":"https:\/\/dekkbi.com\/index.php?rest_route=\/wp\/v2\/media\/35949"}],"wp:attachment":[{"href":"https:\/\/dekkbi.com\/index.php?rest_route=%2Fwp%2Fv2%2Fmedia&parent=35948"}],"wp:term":[{"taxonomy":"category","embeddable":true,"href":"https:\/\/dekkbi.com\/index.php?rest_route=%2Fwp%2Fv2%2Fcategories&post=35948"},{"taxonomy":"post_tag","embeddable":true,"href":"https:\/\/dekkbi.com\/index.php?rest_route=%2Fwp%2Fv2%2Ftags&post=35948"}],"curies":[{"name":"wp","href":"https:\/\/api.w.org\/{rel}","templated":true}]}}