{"id":35921,"date":"2024-05-05T17:36:53","date_gmt":"2024-05-05T17:36:53","guid":{"rendered":"https:\/\/dekkbi.com\/?p=35921"},"modified":"2024-05-05T17:36:53","modified_gmt":"2024-05-05T17:36:53","slug":"fonsis-abdoulaye-diouf-sarr-se-rejouit-de-la-nomination-de-babacar-gning-tout-en-remerciant-le-president-macky-sall","status":"publish","type":"post","link":"https:\/\/dekkbi.com\/?p=35921","title":{"rendered":"FONSIS : Abdoulaye Diouf Sarr se r\u00e9jouit de la nomination de Babacar Gning, tout en remerciant le pr\u00e9sident Macky Sall"},"content":{"rendered":"\n<h3 class=\"wp-block-heading\">D\u00e9sormais ex Directeur G\u00e9n\u00e9ral du Fonds Souverain d&rsquo;Investissements Strat\u00e9giques (FONSIS), Abdoulaye Diouf Sarr se r\u00e9jouit de la nomination de Babacar Gning, son Directeur G\u00e9n\u00e9ral Adjoint , tout en remerciant l\u2019ancien pr\u00e9sident Macky Sall. Son Post sur X<\/h3>\n\n\n\n<p>C\u2019est avec le sentiment du devoir accompli que je quitte la Direction G\u00e9n\u00e9rale du FONSIS. Sentiment empreint d\u2019une s\u00e9r\u00e9nit\u00e9 particuli\u00e8re avec notamment la nomination du Directeur G\u00e9n\u00e9ral Adjoint \u00e0 la t\u00eate de la structure.<\/p>\n\n\n\n<p>Mon d\u00e9vou\u00e9 jeune fr\u00e8re Babacar Gning qui m\u2019a d\u00e9montr\u00e9 sa comp\u00e9tence tout au long de notre fructueuse collaboration. <\/p>\n\n\n\n<p>Je me r\u00e9jouis de cette promotion interne, qui j\u2019en suis persuad\u00e9, sera le premier pas vers le parach\u00e8vement des nombreux chantiers entam\u00e9s ensemble jusque l\u00e0.<\/p>\n\n\n\n<p>Je lui souhaite bonne continuation aux c\u00f4t\u00e9s de tous les agents sans exception, avec lesquels nous avons chemin\u00e9 dans la rigueur et le professionnalisme sous-tendus par une harmonie fraternelle.<\/p>\n\n\n\n<p>Je remercie par la m\u00eame occasion tous mes collaborateurs de cette derni\u00e8re d\u00e9cennie, au cours de mes diff\u00e9rentes missions pour leur d\u00e9vouement et engagement \u00e0 mes c\u00f4t\u00e9s. <\/p>\n\n\n\n<p>Mention sp\u00e9ciale \u00e0 ma famille, pour sa patience et sa compr\u00e9hension, ayant toujours consid\u00e9r\u00e9 mes moindres t\u00e2ches au service de la R\u00e9publique, comme un sacerdoce.<\/p>\n\n\n\n<p> Je peux en dire autant pour ma famille \u00e9largie, Yoff qui, quelle que soit la situation finit toujours par me d\u00e9montrer la r\u00e9ciprocit\u00e9 de l&rsquo;amour intrins\u00e8que que je lui porte depuis ma tendre enfance.<\/p>\n\n\n\n<p>Last but not least !<\/p>\n\n\n\n<p>Je remercie particuli\u00e8rement le Pr\u00e9sident Macky Sall pour la confiance qu\u2019il m\u2019a t\u00e9moign\u00e9e durant tout son magist\u00e8re, en me portant \u00e0 la t\u00eate de stations d\u2019envergure, me permettant ainsi de jouer ma partition dans les politiques de d\u00e9veloppement qu\u2019il a eu \u00e0 d\u00e9finir pour l\u2019int\u00e9r\u00eat exclusif du S\u00e9n\u00e9gal.<\/p>\n\n\n\n<p>Principe qui m\u2019anime et continuera de m\u2019animer pour une seule et unique raison; un S\u00e9n\u00e9gal uni, stable et prosp\u00e8re. <\/p>\n\n\n\n<p><\/p>\n","protected":false},"excerpt":{"rendered":"<p>D\u00e9sormais ex Directeur G\u00e9n\u00e9ral du Fonds Souverain d&rsquo;Investissements Strat\u00e9giques (FONSIS), Abdoulaye Diouf Sarr se r\u00e9jouit de la nomination de Babacar<\/p>\n","protected":false},"author":1,"featured_media":11053,"comment_status":"open","ping_status":"open","sticky":false,"template":"","format":"standard","meta":{"footnotes":""},"categories":[6],"tags":[],"class_list":["post-35921","post","type-post","status-publish","format-standard","has-post-thumbnail","hentry","category-politics"],"_links":{"self":[{"href":"https:\/\/dekkbi.com\/index.php?rest_route=\/wp\/v2\/posts\/35921","targetHints":{"allow":["GET"]}}],"collection":[{"href":"https:\/\/dekkbi.com\/index.php?rest_route=\/wp\/v2\/posts"}],"about":[{"href":"https:\/\/dekkbi.com\/index.php?rest_route=\/wp\/v2\/types\/post"}],"author":[{"embeddable":true,"href":"https:\/\/dekkbi.com\/index.php?rest_route=\/wp\/v2\/users\/1"}],"replies":[{"embeddable":true,"href":"https:\/\/dekkbi.com\/index.php?rest_route=%2Fwp%2Fv2%2Fcomments&post=35921"}],"version-history":[{"count":1,"href":"https:\/\/dekkbi.com\/index.php?rest_route=\/wp\/v2\/posts\/35921\/revisions"}],"predecessor-version":[{"id":35922,"href":"https:\/\/dekkbi.com\/index.php?rest_route=\/wp\/v2\/posts\/35921\/revisions\/35922"}],"wp:featuredmedia":[{"embeddable":true,"href":"https:\/\/dekkbi.com\/index.php?rest_route=\/wp\/v2\/media\/11053"}],"wp:attachment":[{"href":"https:\/\/dekkbi.com\/index.php?rest_route=%2Fwp%2Fv2%2Fmedia&parent=35921"}],"wp:term":[{"taxonomy":"category","embeddable":true,"href":"https:\/\/dekkbi.com\/index.php?rest_route=%2Fwp%2Fv2%2Fcategories&post=35921"},{"taxonomy":"post_tag","embeddable":true,"href":"https:\/\/dekkbi.com\/index.php?rest_route=%2Fwp%2Fv2%2Ftags&post=35921"}],"curies":[{"name":"wp","href":"https:\/\/api.w.org\/{rel}","templated":true}]}}