{"id":35906,"date":"2024-05-05T17:06:44","date_gmt":"2024-05-05T17:06:44","guid":{"rendered":"https:\/\/dekkbi.com\/?p=35906"},"modified":"2024-05-05T17:06:44","modified_gmt":"2024-05-05T17:06:44","slug":"la-reunion-au-caire-pour-une-treve-a-gaza-na-rien-donne-israel-et-le-hamas-inflexibles","status":"publish","type":"post","link":"https:\/\/dekkbi.com\/?p=35906","title":{"rendered":"La r\u00e9union au Caire pour une tr\u00eave \u00e0 Gaza n\u2019a rien donn\u00e9, Isra\u00ebl et le Hamas inflexibles"},"content":{"rendered":"\n<p>Une r\u00e9union au Caire sur un projet de tr\u00eave associ\u00e9e \u00e0 la lib\u00e9ration d\u2019otages dans la bande de Gaza s\u2019est achev\u00e9e dimanche sans avanc\u00e9e concr\u00e8te, pendant qu\u2019Isra\u00ebl et le Hamas restent inflexibles apr\u00e8s sept mois de guerre.<\/p>\n\n\n\n<p>Le Premier ministre isra\u00e9lien, Benjamin Netanyahu, a r\u00e9affirm\u00e9 qu\u2019Isra\u00ebl \u201cne capitulerait pas\u201d face au Hamas et ne pouvait \u201caccepter\u201d les demandes du mouvement islamiste, qui r\u00e9clame un cessez-le-feu permanent dans le territoire palestinien en pr\u00e9alable \u00e0 tout accord, notamment sur la lib\u00e9ration des otages enlev\u00e9s le 7 octobre en Isra\u00ebl.<\/p>\n\n\n\n<p>Benjamin Netanyahu menace toujours de lancer une offensive sur la ville surpeupl\u00e9e de Rafah, \u00e0 la lisi\u00e8re sud de la bande de Gaza.M\u00e9diationLe Premier ministre a aussi annonc\u00e9 la d\u00e9cision de son gouvernement de fermer le bureau en Isra\u00ebl de la cha\u00eene Al-Jazeera, bas\u00e9e au Qatar. La cha\u00eene, qui a accord\u00e9 une large place \u00e0 la couverture de la guerre \u00e0 Gaza, a cess\u00e9 dans l\u2019apr\u00e8s-midi d\u2019\u00eatre diffus\u00e9e en Isra\u00ebl.<\/p>\n\n\n\n<p>Al-Jazeera a d\u00e9nonc\u00e9 une d\u00e9cision \u201ccriminelle\u201d et le Hamas a fustig\u00e9 une \u201cviolation flagrante de la libert\u00e9 de la presse\u201d, visant \u201c\u00e0 cacher la v\u00e9rit\u00e9\u201d sur la guerre.Le chef du Hamas, Isma\u00efl Haniyeh, install\u00e9 au Qatar, avait auparavant accus\u00e9 M. Netanyahu de \u201csaboter les efforts des m\u00e9diateurs\u201d en vue d\u2019une tr\u00eave, pendant que les discussions commenc\u00e9es la veille se poursuivaient au Caire entre une d\u00e9l\u00e9gation du mouvement et des repr\u00e9sentants qataris et \u00e9gyptiens.<\/p>\n\n\n\n<p>Un responsable du Hamas a annonc\u00e9 en fin de journ\u00e9e que cette r\u00e9union avait pris fin et que la d\u00e9l\u00e9gation allait repartir pour Doha pour consulter sa direction politique.L\u2019offre des pays m\u00e9diateurs, Qatar, \u00c9gypte et \u00c9tats-Unis, pr\u00e9sent\u00e9e fin avril au Hamas, pr\u00e9voit une tr\u00eave associ\u00e9e \u00e0 une lib\u00e9ration d\u2019otages retenus dans la bande de Gaza, en \u00e9change de prisonniers palestiniens d\u00e9tenus par Isra\u00ebl.Le chef de la CIA, William Burns, se trouvait dimanche au Caire, selon des m\u00e9dias am\u00e9ricains, tandis qu\u2019Isra\u00ebl n\u2019\u00e9tait pas pr\u00e9sent aux discussions.<\/p>\n\n\n\n<p>SOURCE 7\/7<\/p>\n","protected":false},"excerpt":{"rendered":"<p>Une r\u00e9union au Caire sur un projet de tr\u00eave associ\u00e9e \u00e0 la lib\u00e9ration d\u2019otages dans la bande de Gaza s\u2019est<\/p>\n","protected":false},"author":1,"featured_media":35907,"comment_status":"open","ping_status":"open","sticky":false,"template":"","format":"standard","meta":{"footnotes":""},"categories":[51],"tags":[],"class_list":["post-35906","post","type-post","status-publish","format-standard","has-post-thumbnail","hentry","category-general"],"_links":{"self":[{"href":"https:\/\/dekkbi.com\/index.php?rest_route=\/wp\/v2\/posts\/35906","targetHints":{"allow":["GET"]}}],"collection":[{"href":"https:\/\/dekkbi.com\/index.php?rest_route=\/wp\/v2\/posts"}],"about":[{"href":"https:\/\/dekkbi.com\/index.php?rest_route=\/wp\/v2\/types\/post"}],"author":[{"embeddable":true,"href":"https:\/\/dekkbi.com\/index.php?rest_route=\/wp\/v2\/users\/1"}],"replies":[{"embeddable":true,"href":"https:\/\/dekkbi.com\/index.php?rest_route=%2Fwp%2Fv2%2Fcomments&post=35906"}],"version-history":[{"count":1,"href":"https:\/\/dekkbi.com\/index.php?rest_route=\/wp\/v2\/posts\/35906\/revisions"}],"predecessor-version":[{"id":35908,"href":"https:\/\/dekkbi.com\/index.php?rest_route=\/wp\/v2\/posts\/35906\/revisions\/35908"}],"wp:featuredmedia":[{"embeddable":true,"href":"https:\/\/dekkbi.com\/index.php?rest_route=\/wp\/v2\/media\/35907"}],"wp:attachment":[{"href":"https:\/\/dekkbi.com\/index.php?rest_route=%2Fwp%2Fv2%2Fmedia&parent=35906"}],"wp:term":[{"taxonomy":"category","embeddable":true,"href":"https:\/\/dekkbi.com\/index.php?rest_route=%2Fwp%2Fv2%2Fcategories&post=35906"},{"taxonomy":"post_tag","embeddable":true,"href":"https:\/\/dekkbi.com\/index.php?rest_route=%2Fwp%2Fv2%2Ftags&post=35906"}],"curies":[{"name":"wp","href":"https:\/\/api.w.org\/{rel}","templated":true}]}}