{"id":3583,"date":"2022-11-21T11:42:32","date_gmt":"2022-11-21T11:42:32","guid":{"rendered":"https:\/\/dekkbi.com\/?p=3583"},"modified":"2022-11-21T12:02:34","modified_gmt":"2022-11-21T12:02:34","slug":"reduction-des-risques-en-sante-vers-lelaboration-dune-charte-africaine-sur-la-question","status":"publish","type":"post","link":"https:\/\/dekkbi.com\/?p=3583","title":{"rendered":"R\u00e9duction des risques en sante : vers l\u2019\u00e9laboration d\u2019une Charte africaine"},"content":{"rendered":"\n<p><strong>Organis\u00e9e par le minist\u00e8re marocain de la Sant\u00e9 et de la Protection sociale et l\u2019Association marocaine de m\u00e9decine addictive et pathologies associ\u00e9es,&nbsp;<\/strong><strong>la 1<sup>\u00e8re<\/sup>&nbsp;Conf\u00e9rence africaine sur la r\u00e9duction des risques en sant\u00e9 a pris fin vendredi dernier. A l\u2019issue des travaux, 14 recommandations dont l\u2019\u00e9laboration d\u2019une Charte africaine sur la r\u00e9duction des risques en sant\u00e9 ont \u00e9t\u00e9 formul\u00e9es pour le renforcement des syst\u00e8mes de sant\u00e9 en Afrique.<\/strong><\/p>\n\n\n\n<p>Les travaux de la 1<sup>\u00e8re<\/sup>&nbsp;Conf\u00e9rence africaine sur la r\u00e9duction des risques en sant\u00e9 qui a lieu du 16 au 18 novembre dernier, ont \u00e9t\u00e9 sanctionn\u00e9s par la D\u00e9claration de Marrakech qui comprend quatorze recommandations. Elles devront permettre d\u2019avoir des politiques de sant\u00e9 publique souveraines et une feuille de route commune en Afrique.<strong>&nbsp;En effet, les sp\u00e9cialistes en sant\u00e9 publique, les experts en protection sociale, les d\u00e9cideurs politiques et les industriels qui ont pris part \u00e0 l\u2019\u00e9v\u00e8nement ont pr\u00e9conis\u00e9 l<\/strong>\u2019\u00e9laboration d\u2019une charte africaine de la r\u00e9duction des risques de sant\u00e9. Elle va&nbsp;\u00eatre fond\u00e9e sur une \u00ab&nbsp;vision multipartite de la r\u00e9duction des risques en sant\u00e9 en sa qualit\u00e9 de d\u00e9marche essentielle pour la transformation souveraine des syst\u00e8mes de sant\u00e9 dans un environnement africain qui privil\u00e9gie la solidarit\u00e9 et la coop\u00e9ration au service de la s\u00e9curit\u00e9 sanitaire de toutes les citoyennes et tous les citoyens africains fait \u00e9galement partie des recommandations&nbsp;\u00bb. Ils ont \u00e9galement recommand\u00e9 la \u00ab&nbsp;promotion du renforcement des syst\u00e8mes de sant\u00e9 sur le continent africain en utilisant une approche de r\u00e9duction des risques, l\u2019am\u00e9lioration des conditions de vie quotidiennes de toutes les citoyennes et de tous les citoyens, \u00e0 travers l\u2019am\u00e9lioration de l\u2019environnement,&nbsp;le d\u00e9veloppement des politiques de soins de sant\u00e9 en Afrique qui sont ax\u00e9es sur une couverture m\u00e9dicale universelle au patient-citoyen et le respect de l\u2019acc\u00e8s \u00e9quitable \u00e0 des soins de sant\u00e9 de qualit\u00e9 en tant que droit humain fondamental&nbsp;\u00bb.<\/p>\n\n\n\n<p>Pour des syst\u00e8mes de sant\u00e9 r\u00e9silients et efficaces, les participants ont appel\u00e9 \u00e0 la \u00ab&nbsp;promotion des m\u00e9canismes de protection sociale et une garantie de l\u2019acc\u00e8s \u00e0 des services de sant\u00e9 essentiels de qualit\u00e9 et abordables, incluant les m\u00e9dicaments pharmaceutiques et les m\u00e9decines traditionnelles et naturelles, une pr\u00e9sentation des strat\u00e9gies de riposte face \u00e0 l\u2019\u00e9pid\u00e9mie de Covid-19 et en tirer des enseignements qui serviront d\u2019exemples pour la mise en \u0153uvre d\u2019un syst\u00e8me de soins de sant\u00e9 efficace, collaboratif et r\u00e9silient en Afrique&nbsp;\u00bb.<\/p>\n\n\n\n<p>Parmi les 14 recommandations issues de la 1<sup>\u00e8re<\/sup>&nbsp;Conf\u00e9rence africaine sur la r\u00e9duction des risques en sant\u00e9, il y a aussi \u00ab&nbsp;l\u2019acc\u00e9l\u00e9ration de la mise en \u0153uvre de la vision et de la strat\u00e9gie des soins de sant\u00e9 primaires et le d\u00e9veloppement de la t\u00e9l\u00e9m\u00e9decine et l\u2019utilisation de la sant\u00e9 num\u00e9rique pour atteindre les populations isol\u00e9es et vuln\u00e9rables,&nbsp;l\u2019am\u00e9lioration de l\u2019acc\u00e8s \u00e0 des soins en psychiatrie et en sant\u00e9 mentale de qualit\u00e9, en phase avec le d\u00e9veloppement des connaissances et des traitements et les besoins sp\u00e9cifiques des patients li\u00e9s \u00e0 leur \u00e2ge, leur condition socio-\u00e9conomique, leur environnement et leurs vuln\u00e9rabilit\u00e9s&nbsp;\u00bb. Les pays africains misent \u00e9galement sur \u00ab&nbsp;la reconnaissance des addictions, avec ou sans substance, comme des maladies \u00e9ligibles \u00e0 des soins remboursables&nbsp;et la promotion de l\u2019\u00e9ducation sur un mode de vie qui soit plus sain bas\u00e9 l\u2019activit\u00e9 physique, une alimentation saine et des choix de vie \u00e0 moindre risque&nbsp;\u00bb pour r\u00e9duire les risques en sant\u00e9. Mieux, ils n\u2019ont manqu\u00e9 de mettre l\u2019accent sur \u00ab&nbsp;l\u2019accroissement du financement de la sant\u00e9 en recourant \u00e0 des m\u00e9canismes de financement novateurs et durables, notamment des partenariats public-priv\u00e9, l\u2019augmentation de l\u2019affectation des ressources nationales et se f\u00e9liciter de la solidarit\u00e9 mondiale et la&nbsp;promotion du cannabis m\u00e9dical en tant que nouveau traitement contr\u00f4l\u00e9 pour soigner des maladies sp\u00e9cifiques et \u00e9tablir des principes directeurs \u00e9thiques pour r\u00e9glementer le cannabis m\u00e9dical afin d\u2019en faire une mesure de r\u00e9duction des risques&nbsp;\u00bb. Les participants ont soulign\u00e9 l\u2019importance de la tenue d\u2019une conf\u00e9rence annuelle pour \u00ab&nbsp;garantir la poursuite et l\u2019acc\u00e9l\u00e9ration des efforts en vue d\u2019am\u00e9liorer la couverture m\u00e9dicale universelle pour toutes et pour tous sur le continent africain&nbsp;\u00bb. Rendez-vous est donc donn\u00e9 en 2023 \u00e0 Marrakech pour la deuxi\u00e8me Conf\u00e9rence sur les risques en sant\u00e9 qui portera sur l\u2019eau, l\u2019environnement et la s\u00e9curit\u00e9 alimentaire.<\/p>\n\n\n\n<p><strong>Mariame DJIGO (Envoy\u00e9e sp\u00e9ciale \u00e0 Marrakech)<\/strong><\/p>\n\n\n\n<p>SUDONLINE<\/p>\n","protected":false},"excerpt":{"rendered":"<p>Organis\u00e9e par le minist\u00e8re marocain de la Sant\u00e9 et de la Protection sociale et l\u2019Association marocaine de m\u00e9decine addictive et<\/p>\n","protected":false},"author":1,"featured_media":3584,"comment_status":"open","ping_status":"open","sticky":false,"template":"","format":"standard","meta":{"footnotes":""},"categories":[21],"tags":[],"class_list":["post-3583","post","type-post","status-publish","format-standard","has-post-thumbnail","hentry","category-societe"],"_links":{"self":[{"href":"https:\/\/dekkbi.com\/index.php?rest_route=\/wp\/v2\/posts\/3583","targetHints":{"allow":["GET"]}}],"collection":[{"href":"https:\/\/dekkbi.com\/index.php?rest_route=\/wp\/v2\/posts"}],"about":[{"href":"https:\/\/dekkbi.com\/index.php?rest_route=\/wp\/v2\/types\/post"}],"author":[{"embeddable":true,"href":"https:\/\/dekkbi.com\/index.php?rest_route=\/wp\/v2\/users\/1"}],"replies":[{"embeddable":true,"href":"https:\/\/dekkbi.com\/index.php?rest_route=%2Fwp%2Fv2%2Fcomments&post=3583"}],"version-history":[{"count":2,"href":"https:\/\/dekkbi.com\/index.php?rest_route=\/wp\/v2\/posts\/3583\/revisions"}],"predecessor-version":[{"id":3595,"href":"https:\/\/dekkbi.com\/index.php?rest_route=\/wp\/v2\/posts\/3583\/revisions\/3595"}],"wp:featuredmedia":[{"embeddable":true,"href":"https:\/\/dekkbi.com\/index.php?rest_route=\/wp\/v2\/media\/3584"}],"wp:attachment":[{"href":"https:\/\/dekkbi.com\/index.php?rest_route=%2Fwp%2Fv2%2Fmedia&parent=3583"}],"wp:term":[{"taxonomy":"category","embeddable":true,"href":"https:\/\/dekkbi.com\/index.php?rest_route=%2Fwp%2Fv2%2Fcategories&post=3583"},{"taxonomy":"post_tag","embeddable":true,"href":"https:\/\/dekkbi.com\/index.php?rest_route=%2Fwp%2Fv2%2Ftags&post=3583"}],"curies":[{"name":"wp","href":"https:\/\/api.w.org\/{rel}","templated":true}]}}