{"id":35792,"date":"2024-05-04T07:46:35","date_gmt":"2024-05-04T07:46:35","guid":{"rendered":"https:\/\/dekkbi.com\/?p=35792"},"modified":"2024-05-04T07:46:36","modified_gmt":"2024-05-04T07:46:36","slug":"senegal-le-fmi-table-sur-un-taux-de-croissance-de-71-en-2024","status":"publish","type":"post","link":"https:\/\/dekkbi.com\/?p=35792","title":{"rendered":"S\u00e9n\u00e9gal : Le Fmi table sur un taux de croissance de 7,1 % en 2024"},"content":{"rendered":"\n<p>Une \u00e9quipe du Fonds mon\u00e9taire international (Fmi), dirig\u00e9e par Edward Gemayel, a s\u00e9journ\u00e9 au S\u00e9n\u00e9gal du 25 avril au 3 mai 2024 pour faire le point sur les d\u00e9veloppements \u00e9conomiques et politiques r\u00e9cents et jeter les bases de discussions de la seconde revue du programme soutenu par le Fmi.<\/p>\n\n\n\n<p>S\u00e9n\u00e9gal : Le Fmi table sur un taux de croissance de 7,1 % en 2024\u00c0 l&rsquo;issue de la mission, M. Gemayel a fait la d\u00e9claration suivante. Selon lui, en 2023, l&rsquo;\u00e9conomie s\u00e9n\u00e9galaise a fait preuve de r\u00e9silience en d\u00e9pit d\u2019un contexte difficile. <\/p>\n\n\n\n<p>\u00abMalgr\u00e9 les tensions politiques autour de l\u2019\u00e9lection pr\u00e9sidentielle et les chocs ext\u00e9rieurs, la croissance \u00e9conomique a d\u00e9pass\u00e9 les attentes (4,6 %), refl\u00e9tant une bonne campagne agricole et un secteur tertiaire solide. <\/p>\n\n\n\n<p>L&rsquo;inflation a \u00e9galement connu une baisse plus rapide que pr\u00e9vu, retombant \u00e0 5,9 %. Des d\u00e9penses \u00e9lev\u00e9es de subventions \u00e0 l\u2019\u00e9nergie (620 milliards de francs CFA, soit 3,3 % du Pib) et d&rsquo;int\u00e9r\u00eats sur la dette ont \u00e9t\u00e9 compens\u00e9es par des r\u00e9ductions des d\u00e9penses d\u2019investissements afin de contenir le d\u00e9ficit budg\u00e9taire \u00e0 4,9 % du Pib, conform\u00e9ment \u00e0 l&rsquo;objectif du programme \u00bb, a d\u00e9clar\u00e9 le responsable du Fmi. <\/p>\n\n\n\n<p>En outre, a-t-il dit, le gouvernement a constitu\u00e9 des r\u00e9serves de liquidit\u00e9s en pr\u00e9vision de l&rsquo;\u00e9lection pr\u00e9sidentielle, ce qui a contribu\u00e9 \u00e0 une augmentation de la dette du gouvernement central (73,4 % du Pib) au-del\u00e0 du plafond de dette fix\u00e9 dans le cadre de l&rsquo;Uemoa. <\/p>\n\n\n\n<p>Le d\u00e9ficit du compte courant est rest\u00e9 important (18,8 % du PIB), refl\u00e9tant la faiblesse persistante des exportations de biens. La croissance de l&rsquo;activit\u00e9 \u00e9conomique au premier trimestre 2024 a \u00e9t\u00e9 plus faible que pr\u00e9vu, du fait des incertitudes politiques li\u00e9es \u00e0 l\u2019\u00e9lection pr\u00e9sidentielle. <\/p>\n\n\n\n<p>Les indicateurs de conjoncture montrent que la croissance de l&rsquo;activit\u00e9 \u00e9conomique a \u00e9t\u00e9 mod\u00e9r\u00e9e, les entreprises ayant report\u00e9 leurs investissements et les consommateurs r\u00e9duit leurs d\u00e9penses. L&rsquo;inflation s\u2019est repli\u00e9e \u00e0 3,3 % (en glissement annuel). <\/p>\n\n\n\n<p>L&rsquo;ex\u00e9cution du budget a \u00e9t\u00e9 marqu\u00e9e par une moins-value au niveau des recettes et un d\u00e9passement du co\u00fbt des subventions \u00e0 l\u2019\u00e9nergie par rapport \u00e0 l\u2019enveloppe budg\u00e9taire initiale. Les perspectives \u00e9conomiques restent toutefois favorables.<\/p>\n\n\n\n<p> \u00abLa croissance \u00e9conomique pour 2024 est maintenant projet\u00e9e \u00e0 7,1 % contre 8,3 % auparavant, refl\u00e9tant une activit\u00e9 \u00e9conomique impact\u00e9e au premier trimestre par le contexte \u00e9lectoral et un d\u00e9marrage retard\u00e9 de la production de gaz jusqu&rsquo;en d\u00e9cembre 2024 \u00bb, a pr\u00e9vu le Fmi. <\/p>\n\n\n\n<p>Les donn\u00e9es pr\u00e9liminaires pour la fin de l&rsquo;ann\u00e9e 2023 indiquent que le programme soutenu par le Fmi reste globalement sur la bonne voie. Toutefois, pour atteindre l&rsquo;objectif de d\u00e9ficit budg\u00e9taire de 3,9 % du Pib fix\u00e9 pour la fin de l&rsquo;ann\u00e9e 2024, il faudra prendre des mesures ambitieuses pour rationaliser les d\u00e9penses fiscales et am\u00e9liorer l&rsquo;efficacit\u00e9 des d\u00e9penses. <\/p>\n\n\n\n<p>Ces mesures devraient \u00eatre prises dans le cadre d&rsquo;un budget rectificatif qui permettrait la r\u00e9alisation de l&rsquo;objectif r\u00e9gional de d\u00e9ficit budg\u00e9taire de 3 % du Pib en 2025.<\/p>\n\n\n\n<p> Adou FAYE &#8211; <\/p>\n\n\n\n<p>Source : https:\/\/www.lejecos.com<\/p>\n\n\n\n<p> <\/p>\n\n\n\n<p><\/p>\n","protected":false},"excerpt":{"rendered":"<p>Une \u00e9quipe du Fonds mon\u00e9taire international (Fmi), dirig\u00e9e par Edward Gemayel, a s\u00e9journ\u00e9 au S\u00e9n\u00e9gal du 25 avril au 3<\/p>\n","protected":false},"author":1,"featured_media":35522,"comment_status":"open","ping_status":"open","sticky":false,"template":"","format":"standard","meta":{"footnotes":""},"categories":[3],"tags":[],"class_list":["post-35792","post","type-post","status-publish","format-standard","has-post-thumbnail","hentry","category-event-more-news"],"_links":{"self":[{"href":"https:\/\/dekkbi.com\/index.php?rest_route=\/wp\/v2\/posts\/35792","targetHints":{"allow":["GET"]}}],"collection":[{"href":"https:\/\/dekkbi.com\/index.php?rest_route=\/wp\/v2\/posts"}],"about":[{"href":"https:\/\/dekkbi.com\/index.php?rest_route=\/wp\/v2\/types\/post"}],"author":[{"embeddable":true,"href":"https:\/\/dekkbi.com\/index.php?rest_route=\/wp\/v2\/users\/1"}],"replies":[{"embeddable":true,"href":"https:\/\/dekkbi.com\/index.php?rest_route=%2Fwp%2Fv2%2Fcomments&post=35792"}],"version-history":[{"count":1,"href":"https:\/\/dekkbi.com\/index.php?rest_route=\/wp\/v2\/posts\/35792\/revisions"}],"predecessor-version":[{"id":35793,"href":"https:\/\/dekkbi.com\/index.php?rest_route=\/wp\/v2\/posts\/35792\/revisions\/35793"}],"wp:featuredmedia":[{"embeddable":true,"href":"https:\/\/dekkbi.com\/index.php?rest_route=\/wp\/v2\/media\/35522"}],"wp:attachment":[{"href":"https:\/\/dekkbi.com\/index.php?rest_route=%2Fwp%2Fv2%2Fmedia&parent=35792"}],"wp:term":[{"taxonomy":"category","embeddable":true,"href":"https:\/\/dekkbi.com\/index.php?rest_route=%2Fwp%2Fv2%2Fcategories&post=35792"},{"taxonomy":"post_tag","embeddable":true,"href":"https:\/\/dekkbi.com\/index.php?rest_route=%2Fwp%2Fv2%2Ftags&post=35792"}],"curies":[{"name":"wp","href":"https:\/\/api.w.org\/{rel}","templated":true}]}}