{"id":35760,"date":"2024-05-03T16:02:25","date_gmt":"2024-05-03T16:02:25","guid":{"rendered":"https:\/\/dekkbi.com\/?p=35760"},"modified":"2024-05-03T16:02:26","modified_gmt":"2024-05-03T16:02:26","slug":"le-communique-du-conseil-des-ministres-du-jeudi-02-mai-2024","status":"publish","type":"post","link":"https:\/\/dekkbi.com\/?p=35760","title":{"rendered":"Le communiqu\u00e9 du Conseil des ministres du jeudi 02 mai 2024"},"content":{"rendered":"\n<p>Dakar,  (APS) \u2013 Le Conseil des ministres s\u2019est tenu ce jeudi 02 mai 2024 au Palais de la R\u00e9publique, sous la pr\u00e9sidence du Chef de l\u2019Etat, Son Excellence, Monsieur Bassirou Diomaye Diakhar FAYE.<\/p>\n\n\n\n<p>A l\u2019entame de sa communication, le Pr\u00e9sident de la R\u00e9publique a adress\u00e9, \u00e0 nouveau, ses condol\u00e9ances les plus attrist\u00e9es aux familles des victimes du dramatique accident de la route survenu le jeudi 25 avril 2024 sur l\u2019axe Koungheul-Koumpentoum au village de Yamong.<\/p>\n\n\n\n<p>Il a souhait\u00e9 un prompt r\u00e9tablissement aux bless\u00e9s qui b\u00e9n\u00e9ficient d\u00e9j\u00e0 de la prise en charge de l\u2019Etat.<\/p>\n\n\n\n<p>Le Chef de l\u2019Etat a fait part au Conseil de sa vive pr\u00e9occupation face \u00e0 la recrudescence des accidents de la route depuis plusieurs semaines.<\/p>\n\n\n\n<p>Le Pr\u00e9sident de la R\u00e9publique a demand\u00e9, aux ministres en charge des transports terrestres, de la gendarmerie et de la police nationale de proposer, sous la supervision du Premier Ministre, un plan d\u2019urgence de pr\u00e9vention et de s\u00e9curit\u00e9 routi\u00e8res qui sera ex\u00e9cut\u00e9 dans toute sa rigueur et dans les meilleurs d\u00e9lais.<\/p>\n\n\n\n<p>Le Chef de l\u2019Etat a, en outre, instruit le ministre en charge des transports terrestres, de proc\u00e9der \u00e0 l\u2019\u00e9valuation des actions de l\u2019Agence nationale de S\u00e9curit\u00e9 routi\u00e8re (ANASER) et \u00e0 l\u2019ajustement de ses interventions en termes de sensibilisation et d\u2019accompagnement des acteurs des transports publics notamment les chauffeurs.<\/p>\n\n\n\n<p>A cet effet, il a not\u00e9 la n\u00e9cessit\u00e9 pour l\u2019Etat de consolider le partenariat avec les acteurs et les syndicats de transport pour intensifier ledit processus et sa g\u00e9n\u00e9ralisation.<\/p>\n\n\n\n<p>Dans le m\u00eame \u00e9lan, le Pr\u00e9sident de la R\u00e9publique a demand\u00e9 une \u00e9valuation rapide du syst\u00e8me de gestion des soci\u00e9t\u00e9s publiques de transport notamment de la soci\u00e9t\u00e9 Dakar Dem Dikk dont l\u2019audit des activit\u00e9s, des parcs de bus, des ressources humaines, du mod\u00e8le \u00e9conomique et de la gouvernance globale, s\u2019\u00e9rige en priorit\u00e9 pour consolider le d\u00e9veloppement du secteur.<\/p>\n\n\n\n<p>Il a, de plus, invit\u00e9 le ministre des Transports terrestres \u00e0 faire le point sur le lancement effectif des activit\u00e9s du Bus Rapid Transit (BRT) et ses modalit\u00e9s d\u2019exploitation et de gestion.<\/p>\n\n\n\n<p>D\u2019ailleurs, le Chef de l\u2019Etat a demand\u00e9 au Premier Ministre et au ministre en charge des transports terrestres de pr\u00e9parer la tenue, avant fin juillet 2024, des Etats g\u00e9n\u00e9raux des Transports publics pour asseoir les consensus indispensables \u00e0 la transformation rapide et int\u00e9grale du transport public.<\/p>\n\n\n\n<p>Evoquant la c\u00e9l\u00e9bration de la f\u00eate du travail, le Pr\u00e9sident de la R\u00e9publique est revenu sur la c\u00e9r\u00e9monie de remise des cahiers de dol\u00e9ances syndicales des centrales des travailleurs pour l\u2019ann\u00e9e 2024 tenue le 1er mai au Palais de la R\u00e9publique. Apr\u00e8s avoir salu\u00e9 l\u2019engagement consensuel pour un pacte de stabilit\u00e9 sociale durable afin de soutenir la transformation syst\u00e9mique du S\u00e9n\u00e9gal, le Pr\u00e9sident de la R\u00e9publique a f\u00e9licit\u00e9 l\u2019ensemble des travailleurs pour leur&nbsp;contribution remarquable \u00e0 l\u2019\u0153uvre de construction nationale.<\/p>\n\n\n\n<p>Le Pr\u00e9sident de la R\u00e9publique a, ainsi, demand\u00e9 au Gouvernement de prendre en charge, sans d\u00e9lais, les diff\u00e9rentes dol\u00e9ances sectorielles des centrales syndicales et de produire un rapport trimestriel de suivi de la prise en charge des requ\u00eates.<\/p>\n\n\n\n<p>Ce document coll\u00e9gial sera pr\u00e9sent\u00e9 en Conseil des ministres par le Ministre du Travail, de l\u2019Emploi et des Relations avec les Institutions.<\/p>\n\n\n\n<p>Le Pr\u00e9sident de la R\u00e9publique a, en outre, signal\u00e9 la n\u00e9cessit\u00e9 de renforcer le dialogue social permanent dans la fonction publique avec une \u00e9valuation concert\u00e9e de l\u2019\u00e9tat des engagements du Gouvernement dans le cadre d\u2019accords sign\u00e9s avec les diff\u00e9rents secteurs de l\u2019Administration.<\/p>\n\n\n\n<p>Le Chef de l\u2019Etat a demand\u00e9 au Premier Ministre de veiller \u00e0 la consolidation du dialogue tripartite Etat-patronat-centrales syndicales pour assurer la stabilit\u00e9 sociale et la signature prochaine d\u2019un Pacte social consensuel et durable, indispensable \u00e0 la mise en \u0153uvre optimale du Programme de Transformation syst\u00e9mique du S\u00e9n\u00e9gal.<\/p>\n\n\n\n<p>Le Chef de l\u2019Etat a aussi demand\u00e9, au Ministre de la Famille et des Solidarit\u00e9s de proc\u00e9der \u00e0 la revue syst\u00e9matique des programmes et projets sociaux en vue d\u2019acc\u00e9l\u00e9rer, sous la coordination du Premier Ministre, leur&nbsp;actualisation et leur red\u00e9ploiement sectoriel et territorial dans une dynamique de consolidation soutenue de la justice sociale.<\/p>\n\n\n\n<p>Dans cette perspective, le Pr\u00e9sident de la R\u00e9publique a indiqu\u00e9 l\u2019urgence d\u2019une actualisation du Registre National Unique (RNU) avant le 30 juin 2024 et de revoir les crit\u00e8res d\u2019\u00e9ligibilit\u00e9 et les listes des b\u00e9n\u00e9ficiaires des bourses de s\u00e9curit\u00e9 familiale.<\/p>\n\n\n\n<p>Le Chef de l\u2019Etat a invit\u00e9 le Gouvernement \u00e0 instaurer une \u00ab Journ\u00e9e de solidarit\u00e9 nationale \u00bb pour conforter le PROJET d\u2019un S\u00e9n\u00e9gal juste et prosp\u00e8re dans la solidarit\u00e9.<\/p>\n\n\n\n<p>Le Pr\u00e9sident de la R\u00e9publique a inform\u00e9 le Conseil qu\u2019il participera le vendredi 03 mai 2024, avec une forte d\u00e9l\u00e9gation, \u00e0 la 83\u00e8me \u00e9dition du Daaka annuel de M\u00e9dina Gounass.<\/p>\n\n\n\n<p>Au titre de son agenda diplomatique, le Pr\u00e9sident de la R\u00e9publique est revenu sur la visite de travail et d\u2019amiti\u00e9 qu\u2019il a effectu\u00e9e en R\u00e9publique de Guin\u00e9e Bissau, le mardi 30 avril 2024.<\/p>\n\n\n\n<p>Il a remerci\u00e9 le Pr\u00e9sident Umaro Sissoco EMBALO pour l\u2019accueil exceptionnel et l\u2019hospitalit\u00e9 remarquable qu\u2019il lui a r\u00e9serv\u00e9s.<\/p>\n\n\n\n<p>Enfin, le Chef de l\u2019Etat a annonc\u00e9 au Conseil sa participation au Sommet de l\u2019Organisation de la Coop\u00e9ration islamique (OCI) qui se tiendra les 4 et 5 mai 2024 \u00e0 Banjul, en R\u00e9publique s\u0153ur de Gambie.<\/p>\n\n\n\n<p>Dans sa communication, le Premier Ministre s\u2019est f\u00e9licit\u00e9 de la tenue, le samedi 27 avril 2024, du s\u00e9minaire gouvernemental dont le Ministre, Secr\u00e9taire g\u00e9n\u00e9ral du Gouvernement pr\u00e9sentera les conclusions et recommandations.<\/p>\n\n\n\n<p>Le Premier Ministre a ensuite abord\u00e9 les priorit\u00e9s autour desquelles il compte mobiliser l\u2019action gouvernementale aux cours des prochaines semaines.<\/p>\n\n\n\n<p>Il s\u2019agit tout d\u2019abord de la proposition de mesures concr\u00e8tes d\u2019att\u00e9nuation de la vie ch\u00e8re, d\u2019un meilleur ciblage des subventions des produits de premi\u00e8re n\u00e9cessit\u00e9 et des produits p\u00e9troliers ainsi que de la r\u00e9duction du train de vie de&nbsp;l\u2019Etat.<\/p>\n\n\n\n<p>Les actions prioritaires porteront \u00e9galement sur les r\u00e9formes fiscales en vue d\u2019une plus grande \u00e9quit\u00e9 et de transparence et sur la r\u00e9forme du syst\u00e8me de r\u00e9mun\u00e9ration dans la fonction publique pour le rendre plus coh\u00e9rent, juste et \u00e9quitable en tenant compte de la soutenabilit\u00e9 budg\u00e9taire.<\/p>\n\n\n\n<p>Enfin, les mesures prioritaires de la feuille de route du Gouvernement seront \u00e9galement focalis\u00e9es sur la campagne de production agricole 2024, le \u00ab Programme 100 000 logements \u00bb et la promotion du financement des PME\/PMI.<\/p>\n\n\n\n<p>L\u2019ensemble de ces mesures devront permettre de pr\u00e9parer le terrain \u00e0 la convocation d\u2019un dialogue social en vue d\u2019aboutir \u00e0 un pacte fort pour une stabilit\u00e9 sociale durable.<\/p>\n\n\n\n<p>Par ailleurs, le Premier Ministre a inform\u00e9 le Conseil du programme de r\u00e9unions des Conseils interminist\u00e9riels dans les jours \u00e0 venir. La premi\u00e8re r\u00e9union se tiendra le vendredi 03 mai 2024 pour aborder les mesures que l\u2019Etat<br>compte mettre en \u0153uvre pour la campagne de production agricole 2024, avec la r\u00e9solution forte de mettre fin \u00e0 toutes les d\u00e9rives constat\u00e9es depuis des ann\u00e9es dans la distribution des intrants et du mat\u00e9riel agricole.<\/p>\n\n\n\n<p>Enfin, le Premier Ministre a rendu compte au Conseil des audiences qu\u2019il a accord\u00e9es au Pr\u00e9sident de la Commission de l\u2019UEMOA et du chef de la Mission des services techniques du Fonds mon\u00e9taire international s\u00e9journant actuellement \u00e0 Dakar.<\/p>\n\n\n\n<p>Il est ressorti des \u00e9changes avec la Mission technique du FMI une appr\u00e9ciation satisfaisante relativement au fort engagement des nouvelles autorit\u00e9s pour une meilleure gouvernance \u00e9conomique et sociale.<\/p>\n\n\n\n<p>La mission a \u00e9galement relev\u00e9 la similitude du programme gouvernemental avec le programme sign\u00e9 avec le FMI.<\/p>\n\n\n\n<p>Au titre de la communication des Ministres :<\/p>\n\n\n\n<p>\u2013 le Ministre des Infrastructures et des Transports terrestres et a\u00e9riens a fait&nbsp;une communication sur les projets prioritaires dans les domaines routiers, ferroviaires et a\u00e9riens ainsi que sur la gestion autorouti\u00e8re et la s\u00e9curit\u00e9 routi\u00e8re;<\/p>\n\n\n\n<p>\u2013 le Ministre de l\u2019Agriculture, de la souverainet\u00e9 alimentaire et de l\u2019Elevage a fait une communication sur le suivi de la campagne de commercialisation arachidi\u00e8re 2023\/2024, la pr\u00e9paration de la campagne agricole 2024\/2025 et le suivi des exportations des produits horticoles;<\/p>\n\n\n\n<p>\u2013 le Ministre, Secr\u00e9taire g\u00e9n\u00e9ral du Gouvernement a fait une communication sur les conclusions et recommandations du s\u00e9minaire gouvernemental.<\/p>\n\n\n\n<p>Fait \u00e0 Dakar, le 02 mai 2024<\/p>\n\n\n\n<p>Le Ministre de la Formation Professionnelle, Porte-Parole du Gouvernement<\/p>\n\n\n\n<p>Amadou Moustapha Njekk SARRE<\/p>\n","protected":false},"excerpt":{"rendered":"<p>Dakar, (APS) \u2013 Le Conseil des ministres s\u2019est tenu ce jeudi 02 mai 2024 au Palais de la R\u00e9publique, sous<\/p>\n","protected":false},"author":1,"featured_media":35421,"comment_status":"open","ping_status":"open","sticky":false,"template":"","format":"standard","meta":{"footnotes":""},"categories":[6],"tags":[],"class_list":["post-35760","post","type-post","status-publish","format-standard","has-post-thumbnail","hentry","category-politics"],"_links":{"self":[{"href":"https:\/\/dekkbi.com\/index.php?rest_route=\/wp\/v2\/posts\/35760","targetHints":{"allow":["GET"]}}],"collection":[{"href":"https:\/\/dekkbi.com\/index.php?rest_route=\/wp\/v2\/posts"}],"about":[{"href":"https:\/\/dekkbi.com\/index.php?rest_route=\/wp\/v2\/types\/post"}],"author":[{"embeddable":true,"href":"https:\/\/dekkbi.com\/index.php?rest_route=\/wp\/v2\/users\/1"}],"replies":[{"embeddable":true,"href":"https:\/\/dekkbi.com\/index.php?rest_route=%2Fwp%2Fv2%2Fcomments&post=35760"}],"version-history":[{"count":1,"href":"https:\/\/dekkbi.com\/index.php?rest_route=\/wp\/v2\/posts\/35760\/revisions"}],"predecessor-version":[{"id":35761,"href":"https:\/\/dekkbi.com\/index.php?rest_route=\/wp\/v2\/posts\/35760\/revisions\/35761"}],"wp:featuredmedia":[{"embeddable":true,"href":"https:\/\/dekkbi.com\/index.php?rest_route=\/wp\/v2\/media\/35421"}],"wp:attachment":[{"href":"https:\/\/dekkbi.com\/index.php?rest_route=%2Fwp%2Fv2%2Fmedia&parent=35760"}],"wp:term":[{"taxonomy":"category","embeddable":true,"href":"https:\/\/dekkbi.com\/index.php?rest_route=%2Fwp%2Fv2%2Fcategories&post=35760"},{"taxonomy":"post_tag","embeddable":true,"href":"https:\/\/dekkbi.com\/index.php?rest_route=%2Fwp%2Fv2%2Ftags&post=35760"}],"curies":[{"name":"wp","href":"https:\/\/api.w.org\/{rel}","templated":true}]}}